{"id":3121,"date":"2026-08-27T10:32:09","date_gmt":"2026-08-27T13:32:09","guid":{"rendered":"https:\/\/cassianooliveira.com.br\/blog\/saude\/aluguel-de-sala-e-parceria-em-consultorio-riscos\/"},"modified":"2026-09-04T17:23:53","modified_gmt":"2026-09-04T20:23:53","slug":"aluguel-de-sala-e-parceria-em-consultorio-riscos","status":"publish","type":"post","link":"https:\/\/cassianooliveira.com.br\/blog\/para-gestores\/aluguel-de-sala-e-parceria-em-consultorio-riscos\/","title":{"rendered":"Aluguel de sala e parceria em consult\u00f3rio: onde mora o risco"},"content":{"rendered":"<p><strong>Dividir consult\u00f3rio \u00e9 a forma mais barata de come\u00e7ar e a mais f\u00e1cil de errar. O risco n\u00e3o est\u00e1 no aluguel \u2014 est\u00e1 em parecer sociedade sem ser. Quando a estrutura \u00e9 compartilhada, o paciente n\u00e3o distingue quem \u00e9 quem, e essa confus\u00e3o aparece depois: no processo, na fiscaliza\u00e7\u00e3o e na conta que algu\u00e9m vai pagar.<\/strong><\/p>\n<p>O arranjo \u00e9 conhecido: um profissional monta a estrutura e cede hor\u00e1rios a outros. Chamam de aluguel de sala, parceria, coworking cl\u00ednico. O nome muda; a exposi\u00e7\u00e3o, n\u00e3o.<\/p>\n<h2>As tr\u00eas formas, e o que cada uma significa<\/h2>\n<p><strong>Loca\u00e7\u00e3o pura.<\/strong> Voc\u00ea aluga o espa\u00e7o em hor\u00e1rios definidos. Cada um atende seus pacientes, emite seus recibos, tem sua responsabilidade. \u00c9 a forma mais limpa \u2014 e exige que seja verdade na pr\u00e1tica, n\u00e3o s\u00f3 no papel.<\/p>\n<p><strong>Parceria com divis\u00e3o de receita.<\/strong> Em vez de valor fixo, divide-se percentual do que se fatura. <strong>\u00c9 aqui que a linha some.<\/strong> Divis\u00e3o de receita com estrutura, marca e agenda compartilhadas se aproxima muito de sociedade de fato \u2014 com as consequ\u00eancias de uma sociedade que ningu\u00e9m desenhou.<\/p>\n<p><strong>Presta\u00e7\u00e3o de servi\u00e7o \u00e0 cl\u00ednica.<\/strong> O profissional atende pacientes da cl\u00ednica, sob a marca dela. Nesse caso a cl\u00ednica capta e responde, e a rela\u00e7\u00e3o precisa de contrato claro sobre autonomia t\u00e9cnica e responsabilidade.<\/p>\n<h2>Onde a confus\u00e3o vira problema<\/h2>\n<h3>Quando o paciente n\u00e3o sabe de quem \u00e9 o consult\u00f3rio<\/h3>\n<p>Se a recep\u00e7\u00e3o \u00e9 a mesma, o telefone \u00e9 o mesmo e a fachada tem um nome s\u00f3, o paciente atendido por qualquer um deles entende que foi atendido &#8220;pela cl\u00ednica&#8221;. Se algo der errado, a demanda tende a alcan\u00e7ar <strong>quem aparece como respons\u00e1vel pela estrutura<\/strong> \u2014 mesmo que o atendimento tenha sido de outro.<\/p>\n<h3>Quando n\u00e3o h\u00e1 registro de quem atendeu<\/h3>\n<p>Estrutura compartilhada com prontu\u00e1rio mal organizado \u00e9 a receita para n\u00e3o conseguir provar quem fez o qu\u00ea. \u00c9 o mesmo princ\u00edpio da defesa profissional: <a href=\"https:\/\/cassianooliveira.com.br\/prontuario-medico-como-prova\/\">o que existe \u00e9 o que est\u00e1 registrado<\/a>.<\/p>\n<h3>Quando os dados de pacientes se misturam<\/h3>\n<p>Agenda \u00fanica, sistema \u00fanico, recep\u00e7\u00e3o \u00fanica. Quem \u00e9 respons\u00e1vel pelos dados? Compartilhar estrutura n\u00e3o significa compartilhar base de pacientes, e essa separa\u00e7\u00e3o precisa ser desenhada.<\/p>\n<h3>Quando a equipe \u00e9 de um e trabalha para todos<\/h3>\n<p>Recepcionista contratada por um profissional que atende os pacientes de todos \u00e9 passivo trabalhista esperando acontecer \u2014 e alcan\u00e7a quem n\u00e3o assinou nada.<\/p>\n<h2>O que precisa estar escrito<\/h2>\n<ol>\n<li><strong>Qual \u00e9 o arranjo, de verdade<\/strong> \u2014 e que a pr\u00e1tica corresponda ao papel.<\/li>\n<li><strong>Autonomia t\u00e9cnica de cada profissional<\/strong>, expressa.<\/li>\n<li><strong>Prontu\u00e1rio: de quem \u00e9, onde fica, quem guarda.<\/strong><\/li>\n<li><strong>Responsabilidade por dano<\/strong> e como cada um mant\u00e9m seu seguro.<\/li>\n<li><strong>Uso do nome e da marca da estrutura<\/strong> \u2014 inclusive na sa\u00edda.<\/li>\n<li><strong>Equipe: quem contrata, quem paga, quem responde.<\/strong><\/li>\n<li><strong>Regra de sa\u00edda<\/strong> com prazo de aviso, para ningu\u00e9m perder a agenda de um dia para o outro.<\/li>\n<\/ol>\n<p>\u26a0\ufe0f <strong>O teste honesto:<\/strong> se um paciente atendido por um dos profissionais processar &#8220;a cl\u00ednica&#8221;, quem vai ser citado? Se a resposta n\u00e3o for \u00f3bvia no contrato, o arranjo est\u00e1 mal desenhado.<\/p>\n<h2>Perguntas frequentes<\/h2>\n<p><strong>Alugar sala para outro profissional me torna respons\u00e1vel pelo que ele faz?<\/strong> Loca\u00e7\u00e3o pura, bem documentada e verdadeira na pr\u00e1tica, tende a n\u00e3o gerar responsabilidade pelo ato profissional alheio. O risco cresce conforme a estrutura fica compartilhada \u2014 marca \u00fanica, recep\u00e7\u00e3o comum, agenda integrada \u2014, porque o paciente passa a enxergar uma cl\u00ednica s\u00f3.<\/p>\n<p><strong>Divis\u00e3o de percentual \u00e9 melhor que valor fixo?<\/strong> Financeiramente pode ser; juridicamente \u00e9 mais exposto. Divis\u00e3o de receita com estrutura comum aproxima o arranjo de uma sociedade de fato, e sociedade de fato \u00e9 a pior das duas: tem as consequ\u00eancias e n\u00e3o tem as regras. Se for esse o caminho, melhor formalizar como sociedade \u2014 veja <a href=\"https:\/\/cassianooliveira.com.br\/blog\/para-gestores\/contrato-entre-socios-de-clinica-clausulas-essenciais\/\">contrato entre s\u00f3cios<\/a>.<\/p>\n<p><strong>De quem \u00e9 o prontu\u00e1rio quando a sala \u00e9 alugada?<\/strong> Do profissional que atendeu, com o dever de guarda que lhe corresponde. Na pr\u00e1tica o problema \u00e9 operacional: se o sistema \u00e9 da estrutura, \u00e9 preciso garantir acesso e continuidade a quem tem o dever.<\/p>\n<p><strong>Posso usar o nome da cl\u00ednica onde alugo sala?<\/strong> Depende de autoriza\u00e7\u00e3o e do que se comunica ao paciente. Usar a marca alheia sem previs\u00e3o contratual gera dois problemas: com o titular da marca e com as regras de publicidade do seu Conselho.<\/p>\n<p><strong>Como encerrar a parceria sem perder pacientes?<\/strong> Com prazo de aviso previsto em contrato e comunica\u00e7\u00e3o combinada. O que gera lit\u00edgio \u00e9 a sa\u00edda abrupta com disputa pela base de contatos.<\/p>\n<h2>Sobre o autor<\/h2>\n<p><strong>Cassiano Oliveira<\/strong> \u2014 OAB\/MG 168.226. Advogado especialista em Direito M\u00e9dico e Conselheiro jur\u00eddico e cient\u00edfico da ANADEM. Atua h\u00e1 mais de 15 anos em gest\u00e3o de risco profissional e empresarial. Autor de <em><a href=\"https:\/\/cassianooliveira.com.br\/medicina-defensavel\/\">Medicina Defens\u00e1vel<\/a><\/em> (2026). S\u00f3cio do Cassiano Oliveira &#038; Couto Advogados (OAB\/MG 10.593), em Nova Lima\/MG.<\/p>\n<p><script type=\"application\/ld+json\">{\"@context\": \"https:\/\/schema.org\", \"@type\": \"FAQPage\", \"@id\": \"https:\/\/cassianooliveira.com.br\/blog\/para-gestores\/aluguel-de-sala-e-parceria-em-consultorio-riscos\/#faq\", \"mainEntity\": [{\"@type\": \"Question\", \"name\": \"Alugar sala para outro profissional me torna respons\u00e1vel pelo que ele faz?\", \"acceptedAnswer\": {\"@type\": \"Answer\", \"text\": \"Loca\u00e7\u00e3o pura, bem documentada e verdadeira na pr\u00e1tica, tende a n\u00e3o gerar responsabilidade pelo ato profissional alheio. O risco cresce conforme a estrutura fica compartilhada \u2014 marca \u00fanica, recep\u00e7\u00e3o comum, agenda integrada \u2014, porque o paciente passa a enxergar uma cl\u00ednica s\u00f3.\"}}, {\"@type\": \"Question\", \"name\": \"Divis\u00e3o de percentual \u00e9 melhor que valor fixo?\", \"acceptedAnswer\": {\"@type\": \"Answer\", \"text\": \"Financeiramente pode ser; juridicamente \u00e9 mais exposto. Divis\u00e3o de receita com estrutura comum aproxima o arranjo de uma sociedade de fato, e sociedade de fato \u00e9 a pior das duas: tem as consequ\u00eancias e n\u00e3o tem as regras. Se for esse o caminho, melhor formalizar como sociedade \u2014 veja contrato entre s\u00f3cios.\"}}, {\"@type\": \"Question\", \"name\": \"De quem \u00e9 o prontu\u00e1rio quando a sala \u00e9 alugada?\", \"acceptedAnswer\": {\"@type\": \"Answer\", \"text\": \"Do profissional que atendeu, com o dever de guarda que lhe corresponde. Na pr\u00e1tica o problema \u00e9 operacional: se o sistema \u00e9 da estrutura, \u00e9 preciso garantir acesso e continuidade a quem tem o dever.\"}}, {\"@type\": \"Question\", \"name\": \"Posso usar o nome da cl\u00ednica onde alugo sala?\", \"acceptedAnswer\": {\"@type\": \"Answer\", \"text\": \"Depende de autoriza\u00e7\u00e3o e do que se comunica ao paciente. Usar a marca alheia sem previs\u00e3o contratual gera dois problemas: com o titular da marca e com as regras de publicidade do seu Conselho.\"}}, {\"@type\": \"Question\", \"name\": \"Como encerrar a parceria sem perder pacientes?\", \"acceptedAnswer\": {\"@type\": \"Answer\", \"text\": \"Com prazo de aviso previsto em contrato e comunica\u00e7\u00e3o combinada. O que gera lit\u00edgio \u00e9 a sa\u00edda abrupta com disputa pela base de contatos.\"}}]}<\/script><\/p>\n","protected":false},"excerpt":{"rendered":"<p>Dividir consult\u00f3rio \u00e9 barato e f\u00e1cil de errar. O risco \u00e9 parecer sociedade sem ser \u2014 e o paciente n\u00e3o distingue quem \u00e9 quem. As 3 formas e o que escrever.<\/p>\n","protected":false},"author":3,"featured_media":2657,"comment_status":"open","ping_status":"open","sticky":false,"template":"","format":"standard","meta":{"inline_featured_image":false,"_kad_post_transparent":"","_kad_post_title":"","_kad_post_layout":"","_kad_post_sidebar_id":"","_kad_post_content_style":"","_kad_post_vertical_padding":"","_kad_post_feature":"","_kad_post_feature_position":"","_kad_post_header":false,"_kad_post_footer":false,"_kad_post_classname":"","footnotes":""},"categories":[515],"tags":[],"class_list":["post-3121","post","type-post","status-publish","format-standard","has-post-thumbnail","hentry","category-para-gestores"],"_links":{"self":[{"href":"https:\/\/cassianooliveira.com.br\/blog\/wp-json\/wp\/v2\/posts\/3121","targetHints":{"allow":["GET"]}}],"collection":[{"href":"https:\/\/cassianooliveira.com.br\/blog\/wp-json\/wp\/v2\/posts"}],"about":[{"href":"https:\/\/cassianooliveira.com.br\/blog\/wp-json\/wp\/v2\/types\/post"}],"author":[{"embeddable":true,"href":"https:\/\/cassianooliveira.com.br\/blog\/wp-json\/wp\/v2\/users\/3"}],"replies":[{"embeddable":true,"href":"https:\/\/cassianooliveira.com.br\/blog\/wp-json\/wp\/v2\/comments?post=3121"}],"version-history":[{"count":2,"href":"https:\/\/cassianooliveira.com.br\/blog\/wp-json\/wp\/v2\/posts\/3121\/revisions"}],"predecessor-version":[{"id":3327,"href":"https:\/\/cassianooliveira.com.br\/blog\/wp-json\/wp\/v2\/posts\/3121\/revisions\/3327"}],"wp:featuredmedia":[{"embeddable":true,"href":"https:\/\/cassianooliveira.com.br\/blog\/wp-json\/wp\/v2\/media\/2657"}],"wp:attachment":[{"href":"https:\/\/cassianooliveira.com.br\/blog\/wp-json\/wp\/v2\/media?parent=3121"}],"wp:term":[{"taxonomy":"category","embeddable":true,"href":"https:\/\/cassianooliveira.com.br\/blog\/wp-json\/wp\/v2\/categories?post=3121"},{"taxonomy":"post_tag","embeddable":true,"href":"https:\/\/cassianooliveira.com.br\/blog\/wp-json\/wp\/v2\/tags?post=3121"}],"curies":[{"name":"wp","href":"https:\/\/api.w.org\/{rel}","templated":true}]}}