{"id":1772,"date":"2026-02-25T12:52:50","date_gmt":"2026-02-25T15:52:50","guid":{"rendered":"https:\/\/cassianooliveira.com.br\/blog\/?p=1772"},"modified":"2026-02-26T18:07:23","modified_gmt":"2026-02-26T21:07:23","slug":"panorama-e-perguntas-e-respostas-sobre-a-judicializacao-medica-no-brasil-2020-2025","status":"publish","type":"post","link":"https:\/\/cassianooliveira.com.br\/blog\/direito-medico\/panorama-e-perguntas-e-respostas-sobre-a-judicializacao-medica-no-brasil-2020-2025\/","title":{"rendered":"Panorama e perguntas e respostas sobre a judicializa\u00e7\u00e3o m\u00e9dica no Brasil (2020\u20132025)"},"content":{"rendered":"<div class=\"size-full [&amp;&gt;*:first-child]:mt-0 [&amp;&gt;*:last-child]:mb-0 space-y-2\">\n<p>A <span class=\"font-semibold\">judicializa\u00e7\u00e3o m\u00e9dica no Brasil<\/span> cresceu de forma relevante entre <span class=\"font-semibold\">2020 e 2025<\/span>, aumentando a exposi\u00e7\u00e3o <span class=\"font-semibold\">jur\u00eddica, financeira e reputacional<\/span> de m\u00e9dicos e servi\u00e7os de sa\u00fade. Dentro desse cen\u00e1rio, <span class=\"font-semibold\">Ginecologia\/Obstetr\u00edcia<\/span> e <span class=\"font-semibold\">Cirurgia Pl\u00e1stica<\/span> aparecem como \u00e1reas de maior risco, por combinarem <span class=\"font-semibold\">procedimentos invasivos<\/span>, <span class=\"font-semibold\">alto impacto emocional<\/span> e <span class=\"font-semibold\">expectativas elevadas<\/span> do paciente.<\/p>\n<\/div>\n<div class=\"size-full [&amp;&gt;*:first-child]:mt-0 [&amp;&gt;*:last-child]:mb-0 space-y-2\">Al\u00e9m dos aspectos t\u00e9cnicos, o que mais \u201cacende o pavio\u201d de muitos lit\u00edgios \u00e9 o conjunto: <span class=\"font-semibold\">comunica\u00e7\u00e3o falha + documenta\u00e7\u00e3o fraca + consentimento inadequado<\/span>. Isso explica por que a preven\u00e7\u00e3o n\u00e3o depende s\u00f3 de \u201cacertar a t\u00e9cnica\u201d, mas de <span class=\"font-semibold\">processo, registro e alinhamento de expectativa<\/span>.<\/div>\n<div><\/div>\n<div class=\"size-full [&amp;&gt;*:first-child]:mt-0 [&amp;&gt;*:last-child]:mb-0 space-y-2\">\n<hr class=\"my-6 border-border\" data-streamdown=\"horizontal-rule\" \/>\n<\/div>\n<div class=\"size-full [&amp;&gt;*:first-child]:mt-0 [&amp;&gt;*:last-child]:mb-0 space-y-2\"><\/div>\n<div class=\"size-full [&amp;&gt;*:first-child]:mt-0 [&amp;&gt;*:last-child]:mb-0 space-y-2\">\n<h2 class=\"mx-auto w-full max-w-3xl text-2xl font-semibold\">Quais especialidades m\u00e9dicas possuem maior risco de processos no Brasil?<\/h2>\n<\/div>\n<div class=\"size-full [&amp;&gt;*:first-child]:mt-0 [&amp;&gt;*:last-child]:mb-0 space-y-2\">\n<p>De acordo com os dados apresentados no seu texto, o risco se concentra principalmente em especialidades com <span class=\"font-semibold\">interven\u00e7\u00f5es invasivas<\/span>, <span class=\"font-semibold\">procedimentos eletivos<\/span> e\/ou <span class=\"font-semibold\">situa\u00e7\u00f5es cr\u00edticas<\/span>.<\/p>\n<\/div>\n<div class=\"size-full [&amp;&gt;*:first-child]:mt-0 [&amp;&gt;*:last-child]:mb-0 space-y-2\"><\/div>\n<div class=\"size-full [&amp;&gt;*:first-child]:mt-0 [&amp;&gt;*:last-child]:mb-0 space-y-2\">\n<div class=\"mx-auto mt-3 mb-2 w-full max-w-3xl\">\n<h3 class=\"text-xl font-semibold\">Ranking das especialidades mais processadas (propor\u00e7\u00e3o do total de a\u00e7\u00f5es)<\/h3>\n<p>&nbsp;<\/p>\n<\/div>\n<\/div>\n<div class=\"size-full [&amp;&gt;*:first-child]:mt-0 [&amp;&gt;*:last-child]:mb-0 space-y-2\">\n<ul class=\"ml-1 list-outside list-disc\">\n<li class=\"py-0\"><span class=\"font-semibold\">Ginecologia e Obstetr\u00edcia:<\/span> <span class=\"font-semibold\">22%<\/span><\/li>\n<li class=\"py-0\"><span class=\"font-semibold\">Cirurgia Pl\u00e1stica:<\/span> <span class=\"font-semibold\">19%<\/span><\/li>\n<li class=\"py-0\"><span class=\"font-semibold\">Ortopedia e Traumatologia:<\/span> <span class=\"font-semibold\">15%<\/span><\/li>\n<li class=\"py-0\"><span class=\"font-semibold\">Cirurgia Geral:<\/span> <span class=\"font-semibold\">10%<\/span><\/li>\n<li class=\"py-0\"><span class=\"font-semibold\">Oftalmologia:<\/span> <span class=\"font-semibold\">8%<\/span><\/li>\n<li class=\"py-0\"><span class=\"font-semibold\">Cl\u00ednica M\u00e9dica:<\/span> <span class=\"font-semibold\">7%<\/span><\/li>\n<li class=\"py-0\"><span class=\"font-semibold\">Anestesiologia:<\/span> <span class=\"font-semibold\">7%<\/span><\/li>\n<li class=\"py-0\"><span class=\"font-semibold\">Cardiologia:<\/span> <span class=\"font-semibold\">6%<\/span><\/li>\n<li class=\"py-0\"><span class=\"font-semibold\">Pediatria:<\/span> <span class=\"font-semibold\">6%<\/span><\/li>\n<\/ul>\n<\/div>\n<div class=\"size-full [&amp;&gt;*:first-child]:mt-0 [&amp;&gt;*:last-child]:mb-0 space-y-2\"><\/div>\n<div class=\"size-full [&amp;&gt;*:first-child]:mt-0 [&amp;&gt;*:last-child]:mb-0 space-y-2\">\n<div class=\"mx-auto mt-3 mb-2 w-full max-w-3xl\">\n<h3 class=\"text-xl font-semibold\">Por que essas \u00e1reas lideram?<\/h3>\n<p>&nbsp;<\/p>\n<\/div>\n<\/div>\n<div class=\"size-full [&amp;&gt;*:first-child]:mt-0 [&amp;&gt;*:last-child]:mb-0 space-y-2\">\n<ul class=\"ml-1 list-outside list-disc\">\n<li class=\"py-0\"><span class=\"font-semibold\">Ginecologia\/Obstetr\u00edcia:<\/span> partos e emerg\u00eancias com potencial de desfechos graves (les\u00e3o neonatal, sequelas maternas), al\u00e9m de forte carga emocional.<\/li>\n<li class=\"py-0\"><span class=\"font-semibold\">Cirurgia Pl\u00e1stica:<\/span> procedimentos eletivos com foco em apar\u00eancia; pequenas diverg\u00eancias do \u201cresultado ideal\u201d podem gerar conflito.<\/li>\n<li class=\"py-0\"><span class=\"font-semibold\">Ortopedia\/Trauma:<\/span> fraturas e sequelas com impacto direto em mobilidade e qualidade de vida.<\/li>\n<li class=\"py-0\"><span class=\"font-semibold\">Cirurgia Geral:<\/span> complexidade t\u00e9cnica e urg\u00eancias aumentam margem para alega\u00e7\u00f5es.<\/li>\n<li class=\"py-0\"><span class=\"font-semibold\">Oftalmo\/Anestesio\/Cardio:<\/span> \u00e1reas de alta criticidade funcional (vis\u00e3o) e risco de eventos graves (morte\/rea\u00e7\u00f5es adversas).<\/li>\n<\/ul>\n<\/div>\n<div class=\"size-full [&amp;&gt;*:first-child]:mt-0 [&amp;&gt;*:last-child]:mb-0 space-y-2\"><\/div>\n<div class=\"size-full [&amp;&gt;*:first-child]:mt-0 [&amp;&gt;*:last-child]:mb-0 space-y-2\">\n<hr class=\"my-6 border-border\" data-streamdown=\"horizontal-rule\" \/>\n<\/div>\n<div class=\"size-full [&amp;&gt;*:first-child]:mt-0 [&amp;&gt;*:last-child]:mb-0 space-y-2\"><\/div>\n<div class=\"size-full [&amp;&gt;*:first-child]:mt-0 [&amp;&gt;*:last-child]:mb-0 space-y-2\">\n<h2 class=\"mx-auto w-full max-w-3xl text-2xl font-semibold\">Quais s\u00e3o as principais causas que levam \u00e0 judicializa\u00e7\u00e3o m\u00e9dica?<\/h2>\n<\/div>\n<div class=\"size-full [&amp;&gt;*:first-child]:mt-0 [&amp;&gt;*:last-child]:mb-0 space-y-2\">\n<p>A maioria dos processos deriva de <span class=\"font-semibold\">tr\u00eas fatores centrais<\/span>:<\/p>\n<\/div>\n<div class=\"size-full [&amp;&gt;*:first-child]:mt-0 [&amp;&gt;*:last-child]:mb-0 space-y-2\">\n<ol class=\"ml-1 list-outside list-decimal\">\n<li class=\"py-0\"><span class=\"font-semibold\">Falhas t\u00e9cnicas<\/span> nos procedimentos<\/li>\n<li class=\"py-0\"><span class=\"font-semibold\">Omiss\u00e3o no esclarecimento de riscos<\/span> (falta de informa\u00e7\u00e3o adequada)<\/li>\n<li class=\"py-0\"><span class=\"font-semibold\">Problemas de comunica\u00e7\u00e3o<\/span> entre m\u00e9dico e paciente<\/li>\n<\/ol>\n<\/div>\n<div class=\"size-full [&amp;&gt;*:first-child]:mt-0 [&amp;&gt;*:last-child]:mb-0 space-y-2\"><\/div>\n<div class=\"size-full [&amp;&gt;*:first-child]:mt-0 [&amp;&gt;*:last-child]:mb-0 space-y-2\">\n<div class=\"mx-auto mt-3 mb-2 w-full max-w-3xl\">\n<h3 class=\"text-xl font-semibold\">Causas espec\u00edficas mais frequentes<\/h3>\n<\/div>\n<\/div>\n<div class=\"size-full [&amp;&gt;*:first-child]:mt-0 [&amp;&gt;*:last-child]:mb-0 space-y-2\">\n<ul class=\"ml-1 list-outside list-disc\">\n<li class=\"py-0\"><span class=\"font-semibold\">Erros em partos e procedimentos obst\u00e9tricos:<\/span> les\u00e3o neonatal, morte fetal, sequelas maternas.<\/li>\n<li class=\"py-0\"><span class=\"font-semibold\">Complica\u00e7\u00f5es em est\u00e9tica\/cirurgia pl\u00e1stica:<\/span> expectativa frustrada, infec\u00e7\u00f5es, cicatrizes, sequelas f\u00edsicas\/emocionais.<\/li>\n<li class=\"py-0\"><span class=\"font-semibold\">Falha diagn\u00f3stica ou atraso no tratamento:<\/span> citado como comum em cl\u00ednica m\u00e9dica, cardiologia, oftalmologia e pediatria.<\/li>\n<li class=\"py-0\"><span class=\"font-semibold\">Fraturas e sequelas em ortopedia:<\/span> mau alinhamento, perda funcional, infec\u00e7\u00e3o p\u00f3s-procedimento.<\/li>\n<li class=\"py-0\"><span class=\"font-semibold\">Erros na administra\u00e7\u00e3o de anestesia:<\/span> rea\u00e7\u00e3o adversa, dosagem, acidentes intraoperat\u00f3rios.<\/li>\n<li class=\"py-0\"><span class=\"font-semibold\">Falta de consentimento informado:<\/span> aus\u00eancia de di\u00e1logo claro + documento inexistente\/inadequado.<\/li>\n<li class=\"py-0\"><span class=\"font-semibold\">Problemas de documenta\u00e7\u00e3o:<\/span> prontu\u00e1rios incompletos ou inadequados.<span class=\"ng-star-inserted\" data-start-index=\"1229\">O \u00edndice de judicializa\u00e7\u00e3o tamb\u00e9m \u00e9 impulsionado de forma geral pelas caracter\u00edsticas de certas \u00e1reas m\u00e9dicas, concentrando-se principalmente naquelas que envolvem <\/span><b class=\"ng-star-inserted\" data-start-index=\"1393\">procedimentos invasivos, que geram expectativas elevadas e onde o erro tem um impacto direto e imediato na vida, imagem ou funcionalidade do paciente<\/b><\/li>\n<\/ul>\n<\/div>\n<div class=\"size-full [&amp;&gt;*:first-child]:mt-0 [&amp;&gt;*:last-child]:mb-0 space-y-2\"><\/div>\n<div class=\"size-full [&amp;&gt;*:first-child]:mt-0 [&amp;&gt;*:last-child]:mb-0 space-y-2\">\n<hr class=\"my-6 border-border\" data-streamdown=\"horizontal-rule\" \/>\n<\/div>\n<div class=\"size-full [&amp;&gt;*:first-child]:mt-0 [&amp;&gt;*:last-child]:mb-0 space-y-2\"><\/div>\n<div>\n<div class=\"from-user-container\">\n<div class=\"message-text-content mat-body-medium\">\n<div class=\"ng-star-inserted\" role=\"heading\" aria-level=\"3\">\n<h2>Quais especialidades m\u00e9dicas possuem maior risco de processos no Brasil?<\/h2>\n<\/div>\n<\/div>\n<\/div>\n<div class=\"to-user-container\">\n<div class=\"message-text-content mat-body-medium\">\n<div class=\"ng-star-inserted\">\n<div class=\"paragraph normal ng-star-inserted\" data-start-index=\"0\"><span class=\"ng-star-inserted\" data-start-index=\"0\">De acordo com as fontes, as especialidades m\u00e9dicas com maior risco de processos no Brasil n\u00e3o s\u00e3o necessariamente aquelas com o maior n\u00famero de profissionais, mas sim aquelas cujas pr\u00e1ticas envolvem interven\u00e7\u00f5es invasivas, procedimentos de maior risco, altas expectativas ou contato direto com situa\u00e7\u00f5es cr\u00edticas.<\/span><\/div>\n<div data-start-index=\"0\"><\/div>\n<\/div>\n<\/div>\n<\/div>\n<\/div>\n<div><span class=\"ng-star-inserted\" data-start-index=\"313\">O foco principal das a\u00e7\u00f5es judiciais recai sobre especialidades cir\u00fargicas, procedimentos eletivos, est\u00e9ticos e de maternidade<\/span><button class=\"xap-inline-dialog citation-marker ng-star-inserted\" aria-haspopup=\"dialog\" aria-describedby=\"cdk-describedby-message-ng-1-21\" data-disabled=\"false\"><\/button><span class=\"ng-star-inserted\" data-start-index=\"439\">. O ranking das especialidades mais processadas, com a respectiva propor\u00e7\u00e3o do total de a\u00e7\u00f5es judiciais, \u00e9 o seguinte:<\/span><\/div>\n<div><\/div>\n<div><\/div>\n<div>\n<div class=\"paragraph normal ng-star-inserted\" data-start-index=\"557\"><span class=\"ng-star-inserted\">\u2022 <\/span><b class=\"ng-star-inserted\" data-start-index=\"557\">Ginecologia e obstetr\u00edcia:<\/b><span class=\"ng-star-inserted\" data-start-index=\"583\"> 22%<\/span><\/div>\n<div class=\"paragraph normal ng-star-inserted\" data-start-index=\"587\"><span class=\"ng-star-inserted\">\u2022 <\/span><b class=\"ng-star-inserted\" data-start-index=\"587\">Cirurgia pl\u00e1stica:<\/b><span class=\"ng-star-inserted\" data-start-index=\"605\"> 19%<\/span><\/div>\n<div class=\"paragraph normal ng-star-inserted\" data-start-index=\"609\"><span class=\"ng-star-inserted\">\u2022 <\/span><b class=\"ng-star-inserted\" data-start-index=\"609\">Ortopedia e traumatologia:<\/b><span class=\"ng-star-inserted\" data-start-index=\"635\"> 15%<\/span><\/div>\n<div class=\"paragraph normal ng-star-inserted\" data-start-index=\"639\"><span class=\"ng-star-inserted\">\u2022 <\/span><b class=\"ng-star-inserted\" data-start-index=\"639\">Cirurgia geral:<\/b><span class=\"ng-star-inserted\" data-start-index=\"654\"> 10%<\/span><\/div>\n<div class=\"paragraph normal ng-star-inserted\" data-start-index=\"658\"><span class=\"ng-star-inserted\">\u2022 <\/span><b class=\"ng-star-inserted\" data-start-index=\"658\">Oftalmologia:<\/b><span class=\"ng-star-inserted\" data-start-index=\"671\"> 8%<\/span><\/div>\n<div class=\"paragraph normal ng-star-inserted\" data-start-index=\"674\"><span class=\"ng-star-inserted\">\u2022 <\/span><b class=\"ng-star-inserted\" data-start-index=\"674\">Cl\u00ednica m\u00e9dica:<\/b><span class=\"ng-star-inserted\" data-start-index=\"689\"> 7%<\/span><\/div>\n<div class=\"paragraph normal ng-star-inserted\" data-start-index=\"692\"><span class=\"ng-star-inserted\">\u2022 <\/span><b class=\"ng-star-inserted\" data-start-index=\"692\">Anestesiologia:<\/b><span class=\"ng-star-inserted\" data-start-index=\"707\"> 7%<\/span><\/div>\n<div class=\"paragraph normal ng-star-inserted\" data-start-index=\"710\"><span class=\"ng-star-inserted\">\u2022 <\/span><b class=\"ng-star-inserted\" data-start-index=\"710\">Cardiologia:<\/b><span class=\"ng-star-inserted\" data-start-index=\"722\"> 6%<\/span><\/div>\n<div class=\"paragraph normal ng-star-inserted\" data-start-index=\"725\"><span class=\"ng-star-inserted\">\u2022 <\/span><b class=\"ng-star-inserted\" data-start-index=\"725\">Pediatria:<\/b><span class=\"ng-star-inserted\" data-start-index=\"735\"> 6%<\/span><\/div>\n<div data-start-index=\"725\"><\/div>\n<div class=\"paragraph normal ng-star-inserted\" data-start-index=\"738\"><b class=\"ng-star-inserted\" data-start-index=\"738\">Por que essas \u00e1reas s\u00e3o as mais judicializadas?<\/b><\/div>\n<div data-start-index=\"738\"><\/div>\n<div class=\"paragraph normal ng-star-inserted\" data-start-index=\"738\"><span class=\"ng-star-inserted\" data-start-index=\"786\">Cada uma dessas especialidades possui caracter\u00edsticas que aumentam sua exposi\u00e7\u00e3o ao risco jur\u00eddico:<\/span><\/div>\n<div data-start-index=\"885\"><\/div>\n<div class=\"paragraph normal ng-star-inserted\" data-start-index=\"885\"><span class=\"ng-star-inserted\">\u2022 <\/span><b class=\"ng-star-inserted\" data-start-index=\"885\">Ginecologia e Obstetr\u00edcia:<\/b><span class=\"ng-star-inserted\" data-start-index=\"911\"> Os partos e procedimentos emergenciais possuem um alto potencial para complica\u00e7\u00f5es (como les\u00e3o neonatal ou sequelas maternas) e envolvem fortes abalos emocionais.<\/span><\/div>\n<\/div>\n<div><span class=\"ng-star-inserted\">\u2022 <\/span><b class=\"ng-star-inserted\" data-start-index=\"1074\">Cirurgia Pl\u00e1stica:<\/b><span class=\"ng-star-inserted\" data-start-index=\"1092\"> As demandas est\u00e9ticas criam expectativas muito altas nos pacientes. Assim, pequenas diverg\u00eancias em rela\u00e7\u00e3o ao resultado esperado, cicatrizes ou infec\u00e7\u00f5es podem gerar insatisfa\u00e7\u00e3o e disputas judiciais.<\/span><\/div>\n<div><span class=\"ng-star-inserted\">\u2022 <\/span><b class=\"ng-star-inserted\" data-start-index=\"1294\">Ortopedia e Traumatologia:<\/b><span class=\"ng-star-inserted\" data-start-index=\"1320\"> Muitos dos casos envolvem fraturas que afetam a mobilidade e a qualidade de vida. Demandas judiciais por sequelas, mau alinhamento \u00f3sseo ou perda funcional s\u00e3o bastante comuns.<\/span><\/div>\n<div><b class=\"ng-star-inserted\" data-start-index=\"1497\">Cirurgia Geral:<\/b><span class=\"ng-star-inserted\" data-start-index=\"1512\"> A complexidade t\u00e9cnica e a necessidade de realizar procedimentos de emerg\u00eancia ampliam a margem para alega\u00e7\u00f5es de erro ou omiss\u00e3o.<br \/>\n<b class=\"ng-star-inserted\" data-start-index=\"1643\">Oftalmologia, Anestesiologia e Cardiologia:<\/b> S\u00e3o \u00e1reas que atuam com grande sensibilidade funcional, lidando diretamente com a vis\u00e3o, risco de morte, rea\u00e7\u00f5es inesperadas e administra\u00e7\u00e3o de dosagens cr\u00edticas.<br \/>\n<\/span><\/div>\n<div><\/div>\n<div>A concentra\u00e7\u00e3o de processos nessas \u00e1reas ocorre porque as consequ\u00eancias de eventuais erros ou falhas de comunica\u00e7\u00e3o t\u00eam um impacto direto e imediato na vida, na imagem ou na funcionalidade do paciente.<\/div>\n<div class=\"size-full [&amp;&gt;*:first-child]:mt-0 [&amp;&gt;*:last-child]:mb-0 space-y-2\">\n<h2 class=\"mx-auto w-full max-w-3xl text-2xl font-semibold\">Como m\u00e9dicos podem se prevenir juridicamente e evitar processos judiciais?<\/h2>\n<\/div>\n<div class=\"size-full [&amp;&gt;*:first-child]:mt-0 [&amp;&gt;*:last-child]:mb-0 space-y-2\"><\/div>\n<div class=\"size-full [&amp;&gt;*:first-child]:mt-0 [&amp;&gt;*:last-child]:mb-0 space-y-2\"><span class=\"ng-star-inserted\" data-start-index=\"0\">Para se prevenirem juridicamente e evitarem processos judiciais, os m\u00e9dicos devem adotar uma <\/span><strong>abordagem preventiva focada em boas pr\u00e1ticas, documenta\u00e7\u00e3o robusta e comunica\u00e7\u00e3o eficiente<\/strong>. Como a preven\u00e7\u00e3o \u00e9 sempre menos dolorosa e custosa do que a repara\u00e7\u00e3o de danos as principais estrat\u00e9gias recomendadas incluem:<\/div>\n<div><\/div>\n<div><b class=\"ng-star-inserted\" data-start-index=\"312\">Aprimoramento da comunica\u00e7\u00e3o:<\/b><span class=\"ng-star-inserted\" data-start-index=\"341\"> Manter um di\u00e1logo honesto com o paciente e investir em treinamentos de comunica\u00e7\u00e3o efetiva, garantindo que os riscos e expectativas dos tratamentos sejam plenamente esclarecidos.<\/span><\/div>\n<div><b class=\"ng-star-inserted\" data-start-index=\"520\">Aten\u00e7\u00e3o rigorosa \u00e0 documenta\u00e7\u00e3o:<\/b><span class=\"ng-star-inserted\" data-start-index=\"552\"> Elaborar e revisar cuidadosamente os termos de consentimento informado e garantir que os prontu\u00e1rios m\u00e9dicos estejam sempre completos e bem preenchidos.<\/span><\/div>\n<div><b class=\"ng-star-inserted\" data-start-index=\"705\">Padroniza\u00e7\u00e3o de processos:<\/b><span class=\"ng-star-inserted\" data-start-index=\"731\"> Desenvolver protocolos internos e fluxos de atendimento claros para minimizar as chances de falhas t\u00e9cnicas ou administrativas.<\/span><\/div>\n<div><b class=\"ng-star-inserted\" data-start-index=\"859\">Gest\u00e3o proativa de riscos:<\/b><span class=\"ng-star-inserted\" data-start-index=\"885\"> Realizar auditorias preventivas e simula\u00e7\u00f5es de cen\u00e1rios de risco cl\u00ednico e jur\u00eddico no ambiente de trabalho.<\/span><\/div>\n<div><b class=\"ng-star-inserted\" data-start-index=\"995\">A\u00e7\u00e3o antecipada em conflitos:<\/b><span class=\"ng-star-inserted\" data-start-index=\"1024\"> Fazer o acompanhamento de notifica\u00e7\u00f5es e buscar a intermedia\u00e7\u00e3o em casos pr\u00e9-litigiosos, tentando resolver as insatisfa\u00e7\u00f5es antes que cheguem ao Judici\u00e1rio.<\/span><\/div>\n<div><b class=\"ng-star-inserted\" data-start-index=\"1181\">Apoio de consultoria jur\u00eddica:<\/b><span class=\"ng-star-inserted\" data-start-index=\"1211\"> Investir em assessoria jur\u00eddica especializada para adotar ferramentas legais que &#8220;blindam&#8221; consult\u00f3rios, cl\u00ednicas e hospitais, tratando a seguran\u00e7a jur\u00eddica como um investimento no futuro e na solidez da carreira.<\/span><\/div>\n<div class=\"size-full [&amp;&gt;*:first-child]:mt-0 [&amp;&gt;*:last-child]:mb-0 space-y-2\"><\/div>\n<div class=\"size-full [&amp;&gt;*:first-child]:mt-0 [&amp;&gt;*:last-child]:mb-0 space-y-2\">\n<hr class=\"my-6 border-border\" data-streamdown=\"horizontal-rule\" \/>\n<\/div>\n<div class=\"size-full [&amp;&gt;*:first-child]:mt-0 [&amp;&gt;*:last-child]:mb-0 space-y-2\"><\/div>\n<div class=\"size-full [&amp;&gt;*:first-child]:mt-0 [&amp;&gt;*:last-child]:mb-0 space-y-2\">\n<div class=\"mx-auto mt-4 mb-2 w-full max-w-3xl\"><\/div>\n<\/div>\n<div class=\"size-full [&amp;&gt;*:first-child]:mt-0 [&amp;&gt;*:last-child]:mb-0 space-y-2\">\n<h2 class=\"mx-auto w-full max-w-3xl text-2xl font-semibold\">Quais especialidades m\u00e9dicas s\u00e3o as mais processadas?<\/h2>\n<\/div>\n<div class=\"size-full [&amp;&gt;*:first-child]:mt-0 [&amp;&gt;*:last-child]:mb-0 space-y-2\">\n<p>De acordo com as estat\u00edsticas judiciais recentes, as especialidades m\u00e9dicas que sofrem mais processos no Brasil s\u00e3o aquelas focadas em procedimentos cir\u00fargicos, eletivos, de est\u00e9tica e maternidade.<\/p>\n<ul>\n<li>Ginecologia e obstetr\u00edcia: 22% dos processos totais;<\/li>\n<li>Cirurgia pl\u00e1stica: 19%;<\/li>\n<li>Ortopedia e traumatologia: 15%;<\/li>\n<li>Cirurgia geral: 10%;<\/li>\n<li>Oftalmologia: 8%;<\/li>\n<li>Cl\u00ednica m\u00e9dica: 7%;<\/li>\n<li>Anestesiologia: 7%;<\/li>\n<li>Cardiologia: 6%;<\/li>\n<li>Pediatria: 6%.<\/li>\n<\/ul>\n<p><span class=\"ng-star-inserted\" data-start-index=\"476\">Essas especialidades lideram os \u00edndices de judicializa\u00e7\u00e3o n\u00e3o necessariamente por terem um maior n\u00famero de m\u00e9dicos, mas porque <\/span><b class=\"ng-star-inserted\" data-start-index=\"603\">suas pr\u00e1ticas envolvem interven\u00e7\u00f5es invasivas, procedimentos de maior risco e forte impacto emocional e funcional na vida do paciente.<\/b><\/p>\n<p><span class=\"ng-star-inserted\" data-start-index=\"737\">A <\/span><b class=\"ng-star-inserted\" data-start-index=\"739\">ginecologia\/obstetr\u00edcia e a cirurgia pl\u00e1stica<\/b><span class=\"ng-star-inserted\" data-start-index=\"784\">, que ocupam o topo da lista, frequentemente enfrentam processos relacionados a complica\u00e7\u00f5es em partos, les\u00f5es neonatais, danos est\u00e9ticos, sequelas cir\u00fargicas ou expectativas elevadas dos pacientes que n\u00e3o foram atendidas.<\/span><\/p>\n<h2>Qual o valor m\u00e9dio de indeniza\u00e7\u00e3o por danos morais?<\/h2>\n<\/div>\n<div class=\"size-full [&amp;&gt;*:first-child]:mt-0 [&amp;&gt;*:last-child]:mb-0 space-y-2\">\n<p><span class=\"ng-star-inserted\" data-start-index=\"0\">O valor m\u00e9dio de indeniza\u00e7\u00e3o por danos morais \u00e9 de <\/span><b class=\"ng-star-inserted\" data-start-index=\"51\">R$ 35 mil<\/b><span class=\"ng-star-inserted\" data-start-index=\"60\"> no Estado de S\u00e3o Paulo. No entanto, esse valor pode aumentar dependendo da gravidade de cada caso. Existe um caso onde todos os danos morais, materiais e existenciais somaram-se 7 milh\u00f5es tendo em vista que houve atualiza\u00e7\u00e3o do valor da a\u00e7\u00e3o de 2007 que foi finalizado em 2024, 17 anos de juros, selic e outros penduricalhos judiciais.\u00a0<\/span><\/p>\n<h2><span class=\"ng-star-inserted\" data-start-index=\"60\"> Como a Cirurgia Pl\u00e1stica gera tantas a\u00e7\u00f5es?<\/span><\/h2>\n<p><span class=\"ng-star-inserted\" data-start-index=\"0\">A Cirurgia Pl\u00e1stica gera um alto volume de a\u00e7\u00f5es judiciais principalmente porque <\/span><b class=\"ng-star-inserted\" data-start-index=\"81\">as demandas est\u00e9ticas criam expectativas muito altas nos pacientes<\/b><span class=\"ng-star-inserted\" data-start-index=\"147\">. Por se tratarem muitas vezes de procedimentos eletivos que afetam diretamente a imagem e a vida da pessoa, <\/span><b class=\"ng-star-inserted\" data-start-index=\"256\">pequenas diverg\u00eancias entre o resultado obtido e o esperado podem facilmente gerar insatisfa\u00e7\u00e3o e resultar em disputas judiciais.<\/b><\/p>\n<div class=\"paragraph normal ng-star-inserted\" data-start-index=\"385\"><span class=\"ng-star-inserted\" data-start-index=\"385\">Al\u00e9m da frustra\u00e7\u00e3o com o resultado est\u00e9tico, os processos contra cirurgi\u00f5es pl\u00e1sticos s\u00e3o frequentemente motivados por:<\/span><\/div>\n<div class=\"paragraph normal ng-star-inserted\" data-start-index=\"504\"><span class=\"ng-star-inserted\">\u2022 <\/span><b class=\"ng-star-inserted\" data-start-index=\"504\">Danos est\u00e9ticos e sequelas cir\u00fargicas<\/b><span class=\"ng-star-inserted\" data-start-index=\"541\">, que podem ser tanto f\u00edsicas quanto emocionais.<\/span><\/div>\n<div data-start-index=\"504\"><span class=\"ng-star-inserted\">\u2022 <\/span><b class=\"ng-star-inserted\" data-start-index=\"589\">Complica\u00e7\u00f5es inerentes a procedimentos invasivos<\/b><span class=\"ng-star-inserted\" data-start-index=\"637\">, como infec\u00e7\u00f5es e cicatrizes indesejadas.<\/span><\/div>\n<div data-start-index=\"504\"><\/div>\n<div data-start-index=\"504\">Essas caracter\u00edsticas tornam a especialidade uma das mais expostas ao risco jur\u00eddico no Brasil, representando 19% do total de processos por erro m\u00e9dico, pois lida com interven\u00e7\u00f5es onde o impacto de qualquer falha ou insatisfa\u00e7\u00e3o \u00e9 imediato e muito sens\u00edvel para o paciente.<\/div>\n<\/div>\n<div data-start-index=\"504\"><\/div>\n<h2 data-start-index=\"504\">Como a m\u00e1-f\u00e9 processual afeta os m\u00e9dicos no Brasil?<\/h2>\n<div class=\"size-full [&amp;&gt;*:first-child]:mt-0 [&amp;&gt;*:last-child]:mb-0 space-y-2\">\n<p><span class=\"ng-star-inserted\" data-start-index=\"0\">A <\/span><b class=\"ng-star-inserted\" data-start-index=\"26\">m\u00e1-f\u00e9 processual<\/b><span class=\"ng-star-inserted\" data-start-index=\"42\"> \u00e9 um tema cada vez mais debatido entre os m\u00e9dicos e profissionais de sa\u00fade, servindo como um alerta fundamental de que \u00e9 necess\u00e1rio investir em preven\u00e7\u00e3o antes mesmo de se discutir a defesa judicial. Processos que nem deveriam ser ajuizados, acabam afetando m\u00e9dicos em todo Brasil da seguinte maneira:<\/span><\/p>\n<p><b class=\"ng-star-inserted\" data-start-index=\"481\">Preju\u00edzos financeiros severos:<\/b><span class=\"ng-star-inserted\" data-start-index=\"511\"> Envolve o pagamento de custas processuais e indeniza\u00e7\u00f5es (que, no Estado de S\u00e3o Paulo, t\u00eam m\u00e9dia de R$ 35 mil para danos morais), al\u00e9m do risco de bloqueio de bens.<\/span><\/p>\n<p><b class=\"ng-star-inserted\" data-start-index=\"676\">Desgaste emocional e psicol\u00f3gico:<\/b><span class=\"ng-star-inserted\" data-start-index=\"709\"> Os processos modificam a rotina do m\u00e9dico, gerando incertezas que podem comprometer a sua motiva\u00e7\u00e3o para seguir na trajet\u00f3ria profissional.<\/span><\/p>\n<p><b class=\"ng-star-inserted\" data-start-index=\"849\">Danos \u00e0 reputa\u00e7\u00e3o:<\/b><span class=\"ng-star-inserted\" data-start-index=\"867\"> A\u00e7\u00f5es judiciais prejudicam a imagem do profissional, al\u00e9m de afetar o relacionamento de cl\u00ednicas e hospitais com pacientes, auditorias e parcerias institucionais.<\/span><\/p>\n<p><b class=\"ng-star-inserted\" data-start-index=\"1030\">Restri\u00e7\u00f5es profissionais:<\/b><span class=\"ng-star-inserted\" data-start-index=\"1055\"> Pode ocorrer a retra\u00e7\u00e3o da atividade cl\u00ednica, o aumento no valor dos seguros pagos pelos m\u00e9dicos e, em casos mais extremos, a suspens\u00e3o ou restri\u00e7\u00e3o da atividade profissional.<\/span><\/p>\n<p>Diante do risco de enfrentar lit\u00edgios, incluindo aqueles movidos por m\u00e1-f\u00e9, a recomenda\u00e7\u00e3o central \u00e9 adotar uma postura preventiva, fortalecendo a documenta\u00e7\u00e3o, a comunica\u00e7\u00e3o com o paciente e a gest\u00e3o de riscos.<\/p>\n<h2>Quais as vantagens da blindagem jur\u00eddica para cl\u00ednicas e hospitais?<\/h2>\n<p><span class=\"ng-star-inserted\" data-start-index=\"0\">A blindagem jur\u00eddica (ou consultoria jur\u00eddica preventiva) oferece diversas vantagens estrat\u00e9gicas para cl\u00ednicas e hospitais, sendo considerada um <\/span><b class=\"ng-star-inserted\" data-start-index=\"146\">investimento fundamental para garantir um futuro s\u00f3lido e protegido para as institui\u00e7\u00f5es<\/b><span class=\"ng-star-inserted\" data-start-index=\"234\">, e n\u00e3o um mero luxo.<\/span><\/p>\n<div class=\"paragraph normal ng-star-inserted\" data-start-index=\"255\"><span class=\"ng-star-inserted\" data-start-index=\"255\">As principais vantagens destacadas incluem:<\/span><\/div>\n<div data-start-index=\"255\"><\/div>\n<div class=\"paragraph normal ng-star-inserted\" data-start-index=\"298\"><span class=\"ng-star-inserted\">\u2022 <\/span><b class=\"ng-star-inserted\" data-start-index=\"298\">Redu\u00e7\u00e3o de custos e dores de cabe\u00e7a:<\/b><span class=\"ng-star-inserted\" data-start-index=\"334\"> Atuar de forma preventiva \u00e9 sempre menos doloroso e custoso do que tentar reparar um dano que j\u00e1 aconteceu, permitindo que a institui\u00e7\u00e3o resolva problemas muito antes de eles chegarem ao Judici\u00e1rio<\/span><\/div>\n<p><b class=\"ng-star-inserted\" data-start-index=\"533\">Seguran\u00e7a e tranquilidade na atua\u00e7\u00e3o:<\/b><span class=\"ng-star-inserted\" data-start-index=\"570\"> A ado\u00e7\u00e3o de ferramentas jur\u00eddicas ajuda m\u00e9dicos e gestores a superarem o &#8220;pavor do processo&#8221;, permitindo que atuem com muito mais seguran\u00e7a, \u00e9tica e tranquilidade no dia a dia.<\/span><\/p>\n<p><b class=\"ng-star-inserted\" data-start-index=\"747\">Mitiga\u00e7\u00e3o de preju\u00edzos:<\/b><span class=\"ng-star-inserted\" data-start-index=\"770\"> Evita os severos impactos financeiros e de imagem que a judicializa\u00e7\u00e3o traz para hospitais e cl\u00ednicas.<\/span><\/p>\n<p><b class=\"ng-star-inserted\" data-start-index=\"873\">Fortalecimento da rela\u00e7\u00e3o m\u00e9dico-paciente:<\/b><span class=\"ng-star-inserted\" data-start-index=\"915\"> Ao incentivar o di\u00e1logo honesto e o aprimoramento da comunica\u00e7\u00e3o, a assessoria jur\u00eddica fortalece a confian\u00e7a entre o paciente e a institui\u00e7\u00e3o de sa\u00fade.<\/span><\/p>\n<p><span class=\"ng-star-inserted\" data-start-index=\"1068\">Na pr\u00e1tica, as institui\u00e7\u00f5es que buscam essa blindagem se beneficiam da implementa\u00e7\u00e3o de <\/span><b class=\"ng-star-inserted\" data-start-index=\"1156\">protocolos internos claros, treinamentos de comunica\u00e7\u00e3o efetiva, revis\u00e3o minuciosa de prontu\u00e1rios e termos de consentimento, al\u00e9m de auditorias preventivas.<\/b><\/p>\n<p>Dessa forma, o cuidado com a seguran\u00e7a jur\u00eddica passa a ser t\u00e3o valioso para a cl\u00ednica ou hospital quanto o pr\u00f3prio atendimento prestado ao paciente.<\/p>\n<h2><\/h2>\n<div class=\"from-user-container\">\n<div class=\"message-text-content mat-body-medium\">\n<div class=\"ng-star-inserted\" role=\"heading\" aria-level=\"3\">\n<h2>Quais s\u00e3o as puni\u00e7\u00f5es al\u00e9m da indeniza\u00e7\u00e3o financeira?<\/h2>\n<\/div>\n<\/div>\n<\/div>\n<div class=\"to-user-container\">\n<div class=\"message-text-content mat-body-medium\" aria-live=\"polite\">\n<div class=\"ng-star-inserted\">\n<div class=\"paragraph normal ng-star-inserted\" data-start-index=\"0\"><span class=\"ng-star-inserted\" data-start-index=\"0\">Al\u00e9m da indeniza\u00e7\u00e3o financeira (como o pagamento de danos morais) e das custas processuais, os m\u00e9dicos e profissionais de sa\u00fade que enfrentam processos judiciais est\u00e3o sujeitos a outras puni\u00e7\u00f5es e consequ\u00eancias severas. Segundo as fontes, essas implica\u00e7\u00f5es incluem:<\/span><\/div>\n<div class=\"paragraph normal ng-star-inserted\" data-start-index=\"265\"><span class=\"ng-star-inserted\">\u2022 <\/span><b class=\"ng-star-inserted\" data-start-index=\"265\">Suspens\u00e3o ou restri\u00e7\u00e3o da atividade profissional:<\/b><span class=\"ng-star-inserted\" data-start-index=\"314\"> em casos mais extremos, o profissional pode ser penalizado com limita\u00e7\u00f5es na sua atua\u00e7\u00e3o ou at\u00e9 mesmo a suspens\u00e3o de suas atividades.<\/span><\/div>\n<div data-start-index=\"265\"><b class=\"ng-star-inserted\" data-start-index=\"448\">Bloqueio de bens:<\/b><span class=\"ng-star-inserted\" data-start-index=\"465\"> medida judicial que pode ser aplicada durante o andamento do processo para garantir o pagamento de futuras d\u00edvidas.<\/span><\/div>\n<div data-start-index=\"265\"><b class=\"ng-star-inserted\" data-start-index=\"581\">Apura\u00e7\u00e3o de responsabilidade penal e \u00e9tica:<\/b><span class=\"ng-star-inserted\" data-start-index=\"624\"> al\u00e9m da esfera civil (que trata das indeniza\u00e7\u00f5es), os profissionais podem responder criminalmente e enfrentar processos \u00e9ticos nos conselhos de classe.<\/span><\/div>\n<div data-start-index=\"265\"><b class=\"ng-star-inserted\" data-start-index=\"776\">Danos \u00e0 reputa\u00e7\u00e3o profissional:<\/b><span class=\"ng-star-inserted\" data-start-index=\"807\"> a imagem do m\u00e9dico fica prejudicada perante a sociedade.\u00a0<\/span><\/div>\n<div data-start-index=\"265\">No caso de cl\u00ednicas e hospitais, ocorrem reflexos negativos na imagem institucional, no relacionamento com pacientes e at\u00e9 na manuten\u00e7\u00e3o de parcerias e auditorias.<\/div>\n<div data-start-index=\"265\"><b class=\"ng-star-inserted\" data-start-index=\"1028\">Retra\u00e7\u00e3o da atividade cl\u00ednica:<\/b><span class=\"ng-star-inserted\" data-start-index=\"1058\"> os processos podem for\u00e7ar o m\u00e9dico a diminuir o ritmo ou o escopo de sua pr\u00e1tica cl\u00ednica.<\/span><\/div>\n<div data-start-index=\"265\"><b class=\"ng-star-inserted\" data-start-index=\"1148\">Aumento no valor dos seguros:<\/b><span class=\"ng-star-inserted\" data-start-index=\"1177\"> sofrer processos judiciais frequentemente leva ao encarecimento das ap\u00f3lices de seguro de responsabilidade civil pagas pelos m\u00e9dicos.<\/span><\/div>\n<div data-start-index=\"265\"><b class=\"ng-star-inserted\" data-start-index=\"1311\">Severo desgaste emocional:<\/b><span class=\"ng-star-inserted\" data-start-index=\"1337\"> lidar com a judicializa\u00e7\u00e3o modifica a rotina do m\u00e9dico, gera um ambiente de incerteza e pode comprometer profundamente a sua motiva\u00e7\u00e3o para seguir na trajet\u00f3ria profissional, afetando sua vida pessoal e sua carreira.<\/span><\/div>\n<\/div>\n<\/div>\n<\/div>\n<h2>Quais os riscos de responder criminalmente por erro m\u00e9dico?<\/h2>\n<p>S\u00e3o graves os riscos e consequ\u00eancias que os m\u00e9dicos assumem ao responderem a processos judiciais de modo geral. No criminal esses riscos v\u00e3o muito al\u00e9m do preju\u00edzo financeiro com o pagamento de indeniza\u00e7\u00f5es e custas processuais, incluindo:<\/p>\n<p><b class=\"ng-star-inserted\" data-start-index=\"515\"><span class=\"ng-star-inserted\">\u2022 <\/span>Suspens\u00e3o ou restri\u00e7\u00e3o da atividade profissional.<\/b><\/p>\n<p class=\"paragraph normal ng-star-inserted\" data-start-index=\"564\"><span class=\"ng-star-inserted\">\u2022 <\/span><b class=\"ng-star-inserted\" data-start-index=\"564\">Bloqueio de bens.<\/b><\/p>\n<p class=\"paragraph normal ng-star-inserted\" data-start-index=\"581\"><span class=\"ng-star-inserted\">\u2022 <\/span><b class=\"ng-star-inserted\" data-start-index=\"581\">Preju\u00edzos severos \u00e0 reputa\u00e7\u00e3o.<\/b><\/p>\n<p class=\"paragraph normal ng-star-inserted\" data-start-index=\"611\"><span class=\"ng-star-inserted\">\u2022 <\/span><b class=\"ng-star-inserted\" data-start-index=\"611\">Desgaste emocional cr\u00f4nico.<\/b><\/p>\n<p class=\"paragraph normal ng-star-inserted\" data-start-index=\"638\"><span class=\"ng-star-inserted\">\u2022 <\/span><b class=\"ng-star-inserted\" data-start-index=\"638\">Aumento expressivo no valor dos seguros pagos pelos m\u00e9dicos.<\/b><\/p>\n<p><span class=\"ng-star-inserted\" data-start-index=\"698\">\u00c9 algo que <\/span><b class=\"ng-star-inserted\" data-start-index=\"799\">afeta profundamente a vida pessoal e a carreira do profissional de sa\u00fade<\/b><span class=\"ng-star-inserted\" data-start-index=\"871\">, motivo pelo qual a orienta\u00e7\u00e3o de advogados especializados e a ado\u00e7\u00e3o de medidas preventivas s\u00e3o fortemente recomendadas.<\/span><\/p>\n<p><strong>Resumo:<\/strong><\/p>\n<table class=\"ng-star-inserted\" data-start-index=\"0\">\n<tbody>\n<tr class=\"ng-star-inserted\">\n<th class=\"ng-star-inserted\">\n<div class=\"paragraph normal ng-star-inserted\" data-start-index=\"0\"><span class=\"ng-star-inserted\" data-start-index=\"0\">Especialidade M\u00e9dica<\/span><\/div>\n<\/th>\n<th class=\"ng-star-inserted\">\n<div class=\"paragraph normal ng-star-inserted\" data-start-index=\"20\"><span class=\"ng-star-inserted\" data-start-index=\"20\">Propor\u00e7\u00e3o de Processos (%)<\/span><\/div>\n<\/th>\n<th class=\"ng-star-inserted\">\n<div class=\"paragraph normal ng-star-inserted\" data-start-index=\"46\"><span class=\"ng-star-inserted\" data-start-index=\"46\">Principais Motivos de A\u00e7\u00f5es Judiciais<\/span><\/div>\n<\/th>\n<th class=\"ng-star-inserted\">\n<div class=\"paragraph normal ng-star-inserted\" data-start-index=\"83\"><span class=\"ng-star-inserted\" data-start-index=\"83\">Fatores de Risco Jur\u00eddico<\/span><\/div>\n<\/th>\n<th class=\"ng-star-inserted\">\n<div class=\"paragraph normal ng-star-inserted\" data-start-index=\"108\"><span class=\"ng-star-inserted\" data-start-index=\"108\">Principais \u00c1reas de Impacto no Paciente<\/span><\/div>\n<\/th>\n<th class=\"ng-star-inserted\">\n<div class=\"paragraph normal ng-star-inserted\" data-start-index=\"147\"><span class=\"ng-star-inserted\" data-start-index=\"147\">Fonte<\/span><\/div>\n<\/th>\n<\/tr>\n<tr class=\"ng-star-inserted\">\n<td class=\"ng-star-inserted\">\n<div class=\"paragraph normal ng-star-inserted\" data-start-index=\"152\"><span class=\"ng-star-inserted\" data-start-index=\"152\">Ginecologia e Obstetr\u00edcia<\/span><\/div>\n<\/td>\n<td class=\"ng-star-inserted\">\n<div class=\"paragraph normal ng-star-inserted\" data-start-index=\"177\"><span class=\"ng-star-inserted\" data-start-index=\"177\">22%<\/span><\/div>\n<\/td>\n<td class=\"ng-star-inserted\">\n<div class=\"paragraph normal ng-star-inserted\" data-start-index=\"180\"><span class=\"ng-star-inserted\" data-start-index=\"180\">Erros em partos, interven\u00e7\u00f5es cir\u00fargicas, diagn\u00f3stico incorreto, les\u00e3o neonatal, morte fetal e sequelas maternas.<\/span><\/div>\n<\/td>\n<td class=\"ng-star-inserted\">\n<div class=\"paragraph normal ng-star-inserted\" data-start-index=\"293\"><span class=\"ng-star-inserted\" data-start-index=\"293\">Procedimentos emergenciais, alto potencial para complica\u00e7\u00f5es e fortes abalos emocionais envolvidos.<\/span><\/div>\n<\/td>\n<td class=\"ng-star-inserted\">\n<div class=\"paragraph normal ng-star-inserted\" data-start-index=\"392\"><span class=\"ng-star-inserted\" data-start-index=\"392\">Vida do paciente e maternidade.<\/span><\/div>\n<\/td>\n<td class=\"ng-star-inserted\">\n<div class=\"paragraph normal ng-star-inserted\" data-start-index=\"423\"><span class=\"ng-star-inserted\" data-start-index=\"423\">[1]<\/span><\/div>\n<\/td>\n<\/tr>\n<tr class=\"ng-star-inserted\">\n<td class=\"ng-star-inserted\">\n<div class=\"paragraph normal ng-star-inserted\" data-start-index=\"426\"><span class=\"ng-star-inserted\" data-start-index=\"426\">Cirurgia Pl\u00e1stica<\/span><\/div>\n<\/td>\n<td class=\"ng-star-inserted\">\n<div class=\"paragraph normal ng-star-inserted\" data-start-index=\"443\"><span class=\"ng-star-inserted\" data-start-index=\"443\">19%<\/span><\/div>\n<\/td>\n<td class=\"ng-star-inserted\">\n<div class=\"paragraph normal ng-star-inserted\" data-start-index=\"446\"><span class=\"ng-star-inserted\" data-start-index=\"446\">Complica\u00e7\u00f5es em procedimentos est\u00e9ticos, resultados divergentes das expectativas, infec\u00e7\u00f5es, cicatrizes e sequelas f\u00edsicas ou emocionais.<\/span><\/div>\n<\/td>\n<td class=\"ng-star-inserted\">\n<div class=\"paragraph normal ng-star-inserted\" data-start-index=\"583\"><span class=\"ng-star-inserted\" data-start-index=\"583\">Demandas est\u00e9ticas que criam expectativa elevada; pequenas diverg\u00eancias de resultado geram insatisfa\u00e7\u00e3o.<\/span><\/div>\n<\/td>\n<td class=\"ng-star-inserted\">\n<div class=\"paragraph normal ng-star-inserted\" data-start-index=\"687\"><span class=\"ng-star-inserted\" data-start-index=\"687\">Imagem e est\u00e9tica do paciente.<\/span><\/div>\n<\/td>\n<td class=\"ng-star-inserted\">\n<div class=\"paragraph normal ng-star-inserted\" data-start-index=\"717\"><span class=\"ng-star-inserted\" data-start-index=\"717\">[1]<\/span><\/div>\n<\/td>\n<\/tr>\n<tr class=\"ng-star-inserted\">\n<td class=\"ng-star-inserted\">\n<div class=\"paragraph normal ng-star-inserted\" data-start-index=\"720\"><span class=\"ng-star-inserted\" data-start-index=\"720\">Ortopedia e Traumatologia<\/span><\/div>\n<\/td>\n<td class=\"ng-star-inserted\">\n<div class=\"paragraph normal ng-star-inserted\" data-start-index=\"745\"><span class=\"ng-star-inserted\" data-start-index=\"745\">15%<\/span><\/div>\n<\/td>\n<td class=\"ng-star-inserted\">\n<div class=\"paragraph normal ng-star-inserted\" data-start-index=\"748\"><span class=\"ng-star-inserted\" data-start-index=\"748\">Fraturas, mau alinhamento \u00f3sseo, perda funcional e infec\u00e7\u00f5es p\u00f3s-procedimento.<\/span><\/div>\n<\/td>\n<td class=\"ng-star-inserted\">\n<div class=\"paragraph normal ng-star-inserted\" data-start-index=\"826\"><span class=\"ng-star-inserted\" data-start-index=\"826\">Casos que afetam diretamente a mobilidade e a qualidade de vida; demandas por sequelas s\u00e3o comuns.<\/span><\/div>\n<\/td>\n<td class=\"ng-star-inserted\">\n<div class=\"paragraph normal ng-star-inserted\" data-start-index=\"924\"><span class=\"ng-star-inserted\" data-start-index=\"924\">Mobilidade e funcionalidade.<\/span><\/div>\n<\/td>\n<td class=\"ng-star-inserted\">\n<div class=\"paragraph normal ng-star-inserted\" data-start-index=\"952\"><span class=\"ng-star-inserted\" data-start-index=\"952\">[1]<\/span><\/div>\n<\/td>\n<\/tr>\n<tr class=\"ng-star-inserted\">\n<td class=\"ng-star-inserted\">\n<div class=\"paragraph normal ng-star-inserted\" data-start-index=\"955\"><span class=\"ng-star-inserted\" data-start-index=\"955\">Cirurgia Geral<\/span><\/div>\n<\/td>\n<td class=\"ng-star-inserted\">\n<div class=\"paragraph normal ng-star-inserted\" data-start-index=\"969\"><span class=\"ng-star-inserted\" data-start-index=\"969\">10%<\/span><\/div>\n<\/td>\n<td class=\"ng-star-inserted\">\n<div class=\"paragraph normal ng-star-inserted\" data-start-index=\"972\"><span class=\"ng-star-inserted\" data-start-index=\"972\">Falhas t\u00e9cnicas em cirurgias e complica\u00e7\u00f5es em procedimentos de emerg\u00eancia.<\/span><\/div>\n<\/td>\n<td class=\"ng-star-inserted\">\n<div class=\"paragraph normal ng-star-inserted\" data-start-index=\"1047\"><span class=\"ng-star-inserted\" data-start-index=\"1047\">Procedimentos de emerg\u00eancia e alta complexidade t\u00e9cnica ampliam a margem para alega\u00e7\u00f5es de erro ou omiss\u00e3o.<\/span><\/div>\n<\/td>\n<td class=\"ng-star-inserted\">\n<div class=\"paragraph normal ng-star-inserted\" data-start-index=\"1154\"><span class=\"ng-star-inserted\" data-start-index=\"1154\">Interven\u00e7\u00f5es invasivas e situa\u00e7\u00f5es cr\u00edticas.<\/span><\/div>\n<\/td>\n<td class=\"ng-star-inserted\">\n<div class=\"paragraph normal ng-star-inserted\" data-start-index=\"1198\"><span class=\"ng-star-inserted\" data-start-index=\"1198\">[1]<\/span><\/div>\n<\/td>\n<\/tr>\n<tr class=\"ng-star-inserted\">\n<td class=\"ng-star-inserted\">\n<div class=\"paragraph normal ng-star-inserted\" data-start-index=\"1201\"><span class=\"ng-star-inserted\" data-start-index=\"1201\">Oftalmologia<\/span><\/div>\n<\/td>\n<td class=\"ng-star-inserted\">\n<div class=\"paragraph normal ng-star-inserted\" data-start-index=\"1213\"><span class=\"ng-star-inserted\" data-start-index=\"1213\">8%<\/span><\/div>\n<\/td>\n<td class=\"ng-star-inserted\">\n<div class=\"paragraph normal ng-star-inserted\" data-start-index=\"1215\"><span class=\"ng-star-inserted\" data-start-index=\"1215\">Falha no diagn\u00f3stico e erros em tratamentos espec\u00edficos da \u00e1rea.<\/span><\/div>\n<\/td>\n<td class=\"ng-star-inserted\">\n<div class=\"paragraph normal ng-star-inserted\" data-start-index=\"1279\"><span class=\"ng-star-inserted\" data-start-index=\"1279\">Atua\u00e7\u00e3o em \u00e1rea de grande sensibilidade funcional (vis\u00e3o).<\/span><\/div>\n<\/td>\n<td class=\"ng-star-inserted\">\n<div class=\"paragraph normal ng-star-inserted\" data-start-index=\"1337\"><span class=\"ng-star-inserted\" data-start-index=\"1337\">Vis\u00e3o e funcionalidade sensorial.<\/span><\/div>\n<\/td>\n<td class=\"ng-star-inserted\">\n<div class=\"paragraph normal ng-star-inserted\" data-start-index=\"1370\"><span class=\"ng-star-inserted\" data-start-index=\"1370\">[1]<\/span><\/div>\n<\/td>\n<\/tr>\n<tr class=\"ng-star-inserted\">\n<td class=\"ng-star-inserted\">\n<div class=\"paragraph normal ng-star-inserted\" data-start-index=\"1373\"><span class=\"ng-star-inserted\" data-start-index=\"1373\">Anestesiologia<\/span><\/div>\n<\/td>\n<td class=\"ng-star-inserted\">\n<div class=\"paragraph normal ng-star-inserted\" data-start-index=\"1387\"><span class=\"ng-star-inserted\" data-start-index=\"1387\">7%<\/span><\/div>\n<\/td>\n<td class=\"ng-star-inserted\">\n<div class=\"paragraph normal ng-star-inserted\" data-start-index=\"1389\"><span class=\"ng-star-inserted\" data-start-index=\"1389\">Erro na administra\u00e7\u00e3o de anestesia, rea\u00e7\u00f5es adversas, dosagem incorreta e acidentes intraoperat\u00f3rios.<\/span><\/div>\n<\/td>\n<td class=\"ng-star-inserted\">\n<div class=\"paragraph normal ng-star-inserted\" data-start-index=\"1490\"><span class=\"ng-star-inserted\" data-start-index=\"1490\">Risco de morte direta, controle da dor e rea\u00e7\u00f5es inesperadas do organismo.<\/span><\/div>\n<\/td>\n<td class=\"ng-star-inserted\">\n<div class=\"paragraph normal ng-star-inserted\" data-start-index=\"1564\"><span class=\"ng-star-inserted\" data-start-index=\"1564\">Risco de morte e rea\u00e7\u00f5es adversas graves.<\/span><\/div>\n<\/td>\n<td class=\"ng-star-inserted\">\n<div class=\"paragraph normal ng-star-inserted\" data-start-index=\"1605\"><span class=\"ng-star-inserted\" data-start-index=\"1605\">[1]<\/span><\/div>\n<\/td>\n<\/tr>\n<tr class=\"ng-star-inserted\">\n<td class=\"ng-star-inserted\">\n<div class=\"paragraph normal ng-star-inserted\" data-start-index=\"1608\"><span class=\"ng-star-inserted\" data-start-index=\"1608\">Cl\u00ednica M\u00e9dica<\/span><\/div>\n<\/td>\n<td class=\"ng-star-inserted\">\n<div class=\"paragraph normal ng-star-inserted\" data-start-index=\"1622\"><span class=\"ng-star-inserted\" data-start-index=\"1622\">7%<\/span><\/div>\n<\/td>\n<td class=\"ng-star-inserted\">\n<div class=\"paragraph normal ng-star-inserted\" data-start-index=\"1624\"><span class=\"ng-star-inserted\" data-start-index=\"1624\">Falha no diagn\u00f3stico ou atraso em tratamento.<\/span><\/div>\n<\/td>\n<td class=\"ng-star-inserted\">\n<div class=\"paragraph normal ng-star-inserted\" data-start-index=\"1669\"><span class=\"ng-star-inserted\" data-start-index=\"1669\">\u00c1rea com grande volume de profissionais e contato direto em diagn\u00f3sticos iniciais.<\/span><\/div>\n<\/td>\n<td class=\"ng-star-inserted\">\n<div class=\"paragraph normal ng-star-inserted\" data-start-index=\"1751\"><span class=\"ng-star-inserted\" data-start-index=\"1751\">Sa\u00fade geral e evolu\u00e7\u00e3o do tratamento.<\/span><\/div>\n<\/td>\n<td class=\"ng-star-inserted\">\n<div class=\"paragraph normal ng-star-inserted\" data-start-index=\"1788\"><span class=\"ng-star-inserted\" data-start-index=\"1788\">[1]<\/span><\/div>\n<\/td>\n<\/tr>\n<tr class=\"ng-star-inserted\">\n<td class=\"ng-star-inserted\">\n<div class=\"paragraph normal ng-star-inserted\" data-start-index=\"1791\"><span class=\"ng-star-inserted\" data-start-index=\"1791\">Cardiologia<\/span><\/div>\n<\/td>\n<td class=\"ng-star-inserted\">\n<div class=\"paragraph normal ng-star-inserted\" data-start-index=\"1802\"><span class=\"ng-star-inserted\" data-start-index=\"1802\">6%<\/span><\/div>\n<\/td>\n<td class=\"ng-star-inserted\">\n<div class=\"paragraph normal ng-star-inserted\" data-start-index=\"1804\"><span class=\"ng-star-inserted\" data-start-index=\"1804\">Falha no diagn\u00f3stico ou atraso em tratamentos card\u00edacos.<\/span><\/div>\n<\/td>\n<td class=\"ng-star-inserted\">\n<div class=\"paragraph normal ng-star-inserted\" data-start-index=\"1860\"><span class=\"ng-star-inserted\" data-start-index=\"1860\">Atua\u00e7\u00e3o em condi\u00e7\u00f5es de risco de vida iminente e sensibilidade funcional.<\/span><\/div>\n<\/td>\n<td class=\"ng-star-inserted\">\n<div class=\"paragraph normal ng-star-inserted\" data-start-index=\"1933\"><span class=\"ng-star-inserted\" data-start-index=\"1933\">Sobreviv\u00eancia e sa\u00fade cardiovascular.<\/span><\/div>\n<\/td>\n<td class=\"ng-star-inserted\">\n<div class=\"paragraph normal ng-star-inserted\" data-start-index=\"1970\"><span class=\"ng-star-inserted\" data-start-index=\"1970\">[1]<\/span><\/div>\n<\/td>\n<\/tr>\n<tr class=\"ng-star-inserted\">\n<td class=\"ng-star-inserted\">\n<div class=\"paragraph normal ng-star-inserted\" data-start-index=\"1973\"><span class=\"ng-star-inserted\" data-start-index=\"1973\">Pediatria<\/span><\/div>\n<\/td>\n<td class=\"ng-star-inserted\">\n<div class=\"paragraph normal ng-star-inserted\" data-start-index=\"1982\"><span class=\"ng-star-inserted\" data-start-index=\"1982\">6%<\/span><\/div>\n<\/td>\n<td class=\"ng-star-inserted\">\n<div class=\"paragraph normal ng-star-inserted\" data-start-index=\"1984\"><span class=\"ng-star-inserted\" data-start-index=\"1984\">Falha no diagn\u00f3stico ou atraso em tratamentos pedi\u00e1tricos.<\/span><\/div>\n<\/td>\n<td class=\"ng-star-inserted\">\n<div class=\"paragraph normal ng-star-inserted\" data-start-index=\"2042\"><span class=\"ng-star-inserted\" data-start-index=\"2042\">Lidan\u00e7a com pacientes vulner\u00e1veis e expectativas familiares elevadas.<\/span><\/div>\n<\/td>\n<td class=\"ng-star-inserted\">\n<div class=\"paragraph normal ng-star-inserted\" data-start-index=\"2111\"><span class=\"ng-star-inserted\" data-start-index=\"2111\">Sa\u00fade infantil e desenvolvimento.<\/span><\/div>\n<\/td>\n<td class=\"ng-star-inserted\">\n<div class=\"paragraph normal ng-star-inserted\" data-start-index=\"2144\"><span class=\"ng-star-inserted\" data-start-index=\"2144\">[1]<\/span><\/div>\n<\/td>\n<\/tr>\n<\/tbody>\n<\/table>\n<div class=\"paragraph normal ng-star-inserted\" data-start-index=\"2147\"><span class=\"ng-star-inserted\" data-start-index=\"2147\">[1] Especialidades m\u00e9dicas mais judicializadas no Brasil: dados 2020-2025 \u2013 Blog Cassiano Oliveira &amp; Couto Advogados<\/span><\/div>\n<div data-start-index=\"2147\"><\/div>\n<p><span style=\"font-size: 18pt;\"><strong>FONTES PESQUISADAS:<\/strong><\/span><\/p>\n<div class=\"size-full [&amp;&gt;*:first-child]:mt-0 [&amp;&gt;*:last-child]:mb-0 space-y-2\">\n<h2 class=\"mx-auto w-full max-w-3xl text-2xl font-semibold\">CNJ (Conselho Nacional de Justi\u00e7a) \u2014 judicializa\u00e7\u00e3o da sa\u00fade (fonte oficial)<\/h2>\n<\/div>\n<div class=\"size-full [&amp;&gt;*:first-child]:mt-0 [&amp;&gt;*:last-child]:mb-0 space-y-2\">\n<div class=\"mx-auto mt-3 mb-2 w-full max-w-3xl\">\n<h3 class=\"text-xl font-semibold\">Link direto do relat\u00f3rio (PDF) do CNJ\/PNUD<\/h3>\n<\/div>\n<\/div>\n<div class=\"size-full [&amp;&gt;*:first-child]:mt-0 [&amp;&gt;*:last-child]:mb-0 space-y-2\">\n<ul class=\"ml-1 list-outside list-disc\">\n<li class=\"py-0\"><span class=\"font-semibold\">Diagn\u00f3stico da Judicializa\u00e7\u00e3o da Sa\u00fade P\u00fablica e Suplementar (CNJ\/PNUD)<\/span>:<br \/>\n<a class=\"text-ds-text-chat-link hover:text-ds-text-chat-link-hover break-all hover:underline\" href=\"https:\/\/www.cnj.jus.br\/wp-content\/uploads\/2025\/11\/251105-02-cnj-pnud-diagnostico-da-judicializacao-da-saude-publica-e-suplementar.pdf\" target=\"_blank\" rel=\"noopener noreferrer\">https:\/\/www.cnj.jus.br\/wp-content\/uploads\/2025\/11\/251105-02-cnj-pnud-diagnostico-da-judicializacao-da-saude-publica-e-suplementar.pdf<\/a><\/li>\n<\/ul>\n<\/div>\n<div class=\"size-full [&amp;&gt;*:first-child]:mt-0 [&amp;&gt;*:last-child]:mb-0 space-y-2\"><\/div>\n<div class=\"size-full [&amp;&gt;*:first-child]:mt-0 [&amp;&gt;*:last-child]:mb-0 space-y-2\">\n<div class=\"mx-auto mt-3 mb-2 w-full max-w-3xl\">\n<h3 class=\"text-xl font-semibold\">P\u00e1gina institucional do CNJ sobre Judicializa\u00e7\u00e3o da Sa\u00fade (hub)<\/h3>\n<\/div>\n<\/div>\n<div class=\"size-full [&amp;&gt;*:first-child]:mt-0 [&amp;&gt;*:last-child]:mb-0 space-y-2\">\n<ul class=\"ml-1 list-outside list-disc\">\n<li class=\"py-0\"><span class=\"font-semibold\">Judicializa\u00e7\u00e3o da Sa\u00fade (CNJ)<\/span> (p\u00e1gina tem\u00e1tica\/portal do CNJ):<br \/>\n<a class=\"text-ds-text-chat-link hover:text-ds-text-chat-link-hover break-all hover:underline\" href=\"https:\/\/www.cnj.jus.br\/programas-e-acoes\/judicializacao-da-saude\/\" target=\"_blank\" rel=\"noopener noreferrer\">https:\/\/www.cnj.jus.br\/programas-e-acoes\/judicializacao-da-saude\/<\/a><\/li>\n<\/ul>\n<\/div>\n<div class=\"size-full [&amp;&gt;*:first-child]:mt-0 [&amp;&gt;*:last-child]:mb-0 space-y-2\">\n<blockquote class=\"my-4 border-muted-foreground\/30 border-l-4 pl-4 text-muted-foreground italic\" data-streamdown=\"blockquote\"><p>&nbsp;<\/p><\/blockquote>\n<\/div>\n<div class=\"size-full [&amp;&gt;*:first-child]:mt-0 [&amp;&gt;*:last-child]:mb-0 space-y-2\">\n<hr class=\"my-6 border-border\" data-streamdown=\"horizontal-rule\" \/>\n<\/div>\n<div class=\"size-full [&amp;&gt;*:first-child]:mt-0 [&amp;&gt;*:last-child]:mb-0 space-y-2\"><\/div>\n<div class=\"size-full [&amp;&gt;*:first-child]:mt-0 [&amp;&gt;*:last-child]:mb-0 space-y-2\">\n<h2 class=\"mx-auto w-full max-w-3xl text-2xl font-semibold\">TJSP (Tribunal de Justi\u00e7a de S\u00e3o Paulo) \u2014 decis\u00f5es e consultas (fonte oficial)<\/h2>\n<\/div>\n<div class=\"size-full [&amp;&gt;*:first-child]:mt-0 [&amp;&gt;*:last-child]:mb-0 space-y-2\">\n<div class=\"mx-auto mt-3 mb-2 w-full max-w-3xl\">\n<h3 class=\"text-xl font-semibold\">Pesquisa de jurisprud\u00eancia (para levantar padr\u00f5es e valores citados em ac\u00f3rd\u00e3os)<\/h3>\n<\/div>\n<\/div>\n<div class=\"size-full [&amp;&gt;*:first-child]:mt-0 [&amp;&gt;*:last-child]:mb-0 space-y-2\">\n<ul class=\"ml-1 list-outside list-disc\">\n<li class=\"py-0\"><span class=\"font-semibold\">Jurisprud\u00eancia TJSP (pesquisa oficial)<\/span>:<br \/>\n<a class=\"text-ds-text-chat-link hover:text-ds-text-chat-link-hover break-all hover:underline\" href=\"https:\/\/esaj.tjsp.jus.br\/cjsg\/\" target=\"_blank\" rel=\"noopener noreferrer\">https:\/\/esaj.tjsp.jus.br\/cjsg\/<\/a><\/li>\n<\/ul>\n<\/div>\n<div class=\"size-full [&amp;&gt;*:first-child]:mt-0 [&amp;&gt;*:last-child]:mb-0 space-y-2\"><\/div>\n<div class=\"size-full [&amp;&gt;*:first-child]:mt-0 [&amp;&gt;*:last-child]:mb-0 space-y-2\">\n<div class=\"mx-auto mt-3 mb-2 w-full max-w-3xl\">\n<h3 class=\"text-xl font-semibold\">Consulta processual (para checar casos e andamento)<\/h3>\n<\/div>\n<\/div>\n<div class=\"size-full [&amp;&gt;*:first-child]:mt-0 [&amp;&gt;*:last-child]:mb-0 space-y-2\">\n<ul class=\"ml-1 list-outside list-disc\">\n<li class=\"py-0\"><span class=\"font-semibold\">Consulta de processos TJSP (e-SAJ)<\/span>:<br \/>\n<a class=\"text-ds-text-chat-link hover:text-ds-text-chat-link-hover break-all hover:underline\" href=\"https:\/\/esaj.tjsp.jus.br\/cpopg\/open.do\" target=\"_blank\" rel=\"noopener noreferrer\">https:\/\/esaj.tjsp.jus.br\/cpopg\/open.do<\/a><\/li>\n<\/ul>\n<\/div>\n<div class=\"size-full [&amp;&gt;*:first-child]:mt-0 [&amp;&gt;*:last-child]:mb-0 space-y-2\"><\/div>\n<div class=\"size-full [&amp;&gt;*:first-child]:mt-0 [&amp;&gt;*:last-child]:mb-0 space-y-2\">\n<blockquote class=\"my-4 border-muted-foreground\/30 border-l-4 pl-4 text-muted-foreground italic\" data-streamdown=\"blockquote\"><p><span class=\"font-semibold\"><strong>Nota t\u00e9cnica (importante)<\/strong>:<\/span> \u201cvalor m\u00e9dio de indeniza\u00e7\u00e3o por danos morais em SP = <code class=\"rounded-md bg-zinc-100 px-1 py-0.5 font-mono text-sm dark:bg-zinc-800\">R$ 35 mil<\/code>\u201d <span class=\"font-semibold\">estudo com m\u00e9todo<\/span> (amostra, per\u00edodo, crit\u00e9rio), o valor se trata de \u201cm\u00e9dia encontrada em processos\u201d. O TJSP em si <span class=\"font-semibold\">n\u00e3o publica<\/span> \u201cm\u00e9dia oficial\u201d consolidada de dano moral por tema; <strong>o estudo feito por advogado em consultas processuais.<\/strong><\/p><\/blockquote>\n<\/div>\n<div class=\"size-full [&amp;&gt;*:first-child]:mt-0 [&amp;&gt;*:last-child]:mb-0 space-y-2\"><\/div>\n<div class=\"size-full [&amp;&gt;*:first-child]:mt-0 [&amp;&gt;*:last-child]:mb-0 space-y-2\">\n<hr class=\"my-6 border-border\" data-streamdown=\"horizontal-rule\" \/>\n<\/div>\n<div class=\"size-full [&amp;&gt;*:first-child]:mt-0 [&amp;&gt;*:last-child]:mb-0 space-y-2\"><\/div>\n<div class=\"size-full [&amp;&gt;*:first-child]:mt-0 [&amp;&gt;*:last-child]:mb-0 space-y-2\">\n<h2 class=\"mx-auto w-full max-w-3xl text-2xl font-semibold\">Senado Federal \u2014 refer\u00eancia oficial<\/h2>\n<\/div>\n<div class=\"size-full [&amp;&gt;*:first-child]:mt-0 [&amp;&gt;*:last-child]:mb-0 space-y-2\">\n<ul class=\"ml-1 list-outside list-disc\">\n<li class=\"py-0\"><span class=\"font-semibold\">Ag\u00eancia Senado (not\u00edcias oficiais)<\/span>:<br \/>\n<a class=\"text-ds-text-chat-link hover:text-ds-text-chat-link-hover break-all hover:underline\" href=\"https:\/\/www12.senado.leg.br\/noticias\" target=\"_blank\" rel=\"noopener noreferrer\">https:\/\/www12.senado.leg.br\/noticias<\/a><\/li>\n<li class=\"py-0\"><span class=\"font-semibold\">Atividade legislativa (projetos, tramita\u00e7\u00e3o, mat\u00e9rias)<\/span>:<br \/>\n<a class=\"text-ds-text-chat-link hover:text-ds-text-chat-link-hover break-all hover:underline\" href=\"https:\/\/www25.senado.leg.br\/web\/atividade\" target=\"_blank\" rel=\"noopener noreferrer\">https:\/\/www25.senado.leg.br\/web\/atividade<\/a><\/li>\n<li class=\"py-0\"><span class=\"font-semibold\">Biblioteca \/ publica\u00e7\u00f5es e documentos (quando houver relat\u00f3rio\/estudo)<\/span>:<br \/>\n<a class=\"text-ds-text-chat-link hover:text-ds-text-chat-link-hover break-all hover:underline\" href=\"https:\/\/www12.senado.leg.br\/bdsf\" target=\"_blank\" rel=\"noopener noreferrer\">https:\/\/www12.senado.leg.br\/bdsf<\/a><\/li>\n<\/ul>\n<\/div>\n<div class=\"size-full [&amp;&gt;*:first-child]:mt-0 [&amp;&gt;*:last-child]:mb-0 space-y-2\"><\/div>\n<div class=\"size-full [&amp;&gt;*:first-child]:mt-0 [&amp;&gt;*:last-child]:mb-0 space-y-2\"><\/div>\n<div class=\"size-full [&amp;&gt;*:first-child]:mt-0 [&amp;&gt;*:last-child]:mb-0 space-y-2\">\n<hr class=\"my-6 border-border\" data-streamdown=\"horizontal-rule\" \/>\n<\/div>\n<div class=\"size-full [&amp;&gt;*:first-child]:mt-0 [&amp;&gt;*:last-child]:mb-0 space-y-2\"><\/div>\n<div class=\"size-full [&amp;&gt;*:first-child]:mt-0 [&amp;&gt;*:last-child]:mb-0 space-y-2\">\n<h2 class=\"mx-auto w-full max-w-3xl text-2xl font-semibold\">Demografia M\u00e9dica 2025 (Minist\u00e9rio da Sa\u00fade \/ USP \/ AMB \/ CFM) \u2014 estudo<\/h2>\n<\/div>\n<div class=\"size-full [&amp;&gt;*:first-child]:mt-0 [&amp;&gt;*:last-child]:mb-0 space-y-2\">\n<p>\u201cDemografia M\u00e9dica\u201d \u00e9 produzida por <span class=\"font-semibold\">USP (FMUSP)<\/span> com apoio de entidades (AMB\/CFM e, em algumas edi\u00e7\u00f5es, apoio institucional). S<span class=\"font-semibold\">ite oficial do projeto<\/span>:<\/p>\n<\/div>\n<div class=\"size-full [&amp;&gt;*:first-child]:mt-0 [&amp;&gt;*:last-child]:mb-0 space-y-2\">\n<ul class=\"ml-1 list-outside list-disc\">\n<li class=\"py-0\"><span class=\"font-semibold\">Demografia M\u00e9dica no Brasil (site do projeto \u2014 FMUSP)<\/span>:<br \/>\n<a class=\"text-ds-text-chat-link hover:text-ds-text-chat-link-hover break-all hover:underline\" href=\"https:\/\/www.fm.usp.br\/demografiamedica\/\" target=\"_blank\" rel=\"noopener noreferrer\">https:\/\/www.fm.usp.br\/demografiamedica\/<\/a><\/li>\n<\/ul>\n<\/div>\n<div class=\"size-full [&amp;&gt;*:first-child]:mt-0 [&amp;&gt;*:last-child]:mb-0 space-y-2\"><\/div>\n<div class=\"size-full [&amp;&gt;*:first-child]:mt-0 [&amp;&gt;*:last-child]:mb-0 space-y-2\"><\/div>\n<div class=\"size-full [&amp;&gt;*:first-child]:mt-0 [&amp;&gt;*:last-child]:mb-0 space-y-2\">\n<hr class=\"my-6 border-border\" data-streamdown=\"horizontal-rule\" \/>\n<\/div>\n<div class=\"size-full [&amp;&gt;*:first-child]:mt-0 [&amp;&gt;*:last-child]:mb-0 space-y-2\"><\/div>\n<div class=\"size-full [&amp;&gt;*:first-child]:mt-0 [&amp;&gt;*:last-child]:mb-0 space-y-2\">\n<h2 class=\"mx-auto w-full max-w-3xl text-2xl font-semibold\">CFM (Conselho Federal de Medicina) \u2014 fonte oficial<\/h2>\n<\/div>\n<div class=\"size-full [&amp;&gt;*:first-child]:mt-0 [&amp;&gt;*:last-child]:mb-0 space-y-2\">\n<ul class=\"ml-1 list-outside list-disc\">\n<li class=\"py-0\"><span class=\"font-semibold\">Portal do CFM (institucional)<\/span>:<br \/>\n<a class=\"text-ds-text-chat-link hover:text-ds-text-chat-link-hover break-all hover:underline\" href=\"https:\/\/portal.cfm.org.br\/\" target=\"_blank\" rel=\"noopener noreferrer\">https:\/\/portal.cfm.org.br\/<\/a><\/li>\n<li class=\"py-0\"><span class=\"font-semibold\">Busca\/not\u00edcias e publica\u00e7\u00f5es do CFM<\/span> (para localizar posicionamentos e documentos):<br \/>\n<a class=\"text-ds-text-chat-link hover:text-ds-text-chat-link-hover break-all hover:underline\" href=\"https:\/\/portal.cfm.org.br\/busca\/\" target=\"_blank\" rel=\"noopener noreferrer\">https:\/\/portal.cfm.org.br\/busca\/<\/a><\/li>\n<\/ul>\n<\/div>\n<div class=\"size-full [&amp;&gt;*:first-child]:mt-0 [&amp;&gt;*:last-child]:mb-0 space-y-2\"><\/div>\n<\/div>\n","protected":false},"excerpt":{"rendered":"<p>A judicializa\u00e7\u00e3o m\u00e9dica no Brasil cresceu de forma relevante entre 2020 e 2025, aumentando a exposi\u00e7\u00e3o jur\u00eddica, financeira e reputacional de m\u00e9dicos e servi\u00e7os de sa\u00fade. Dentro desse cen\u00e1rio, Ginecologia\/Obstetr\u00edcia e Cirurgia Pl\u00e1stica aparecem como \u00e1reas de maior risco, por combinarem procedimentos invasivos, alto impacto emocional e expectativas elevadas do paciente. Al\u00e9m dos aspectos t\u00e9cnicos, [&hellip;]<\/p>\n","protected":false},"author":3,"featured_media":1773,"comment_status":"open","ping_status":"open","sticky":false,"template":"","format":"standard","meta":{"inline_featured_image":false,"fifu_image_url":"","fifu_image_alt":"","footnotes":""},"categories":[491,513,499],"tags":[],"class_list":["post-1772","post","type-post","status-publish","format-standard","has-post-thumbnail","hentry","category-direito-medico","category-erro-medico","category-gestao-de-risco"],"_links":{"self":[{"href":"https:\/\/cassianooliveira.com.br\/blog\/wp-json\/wp\/v2\/posts\/1772","targetHints":{"allow":["GET"]}}],"collection":[{"href":"https:\/\/cassianooliveira.com.br\/blog\/wp-json\/wp\/v2\/posts"}],"about":[{"href":"https:\/\/cassianooliveira.com.br\/blog\/wp-json\/wp\/v2\/types\/post"}],"author":[{"embeddable":true,"href":"https:\/\/cassianooliveira.com.br\/blog\/wp-json\/wp\/v2\/users\/3"}],"replies":[{"embeddable":true,"href":"https:\/\/cassianooliveira.com.br\/blog\/wp-json\/wp\/v2\/comments?post=1772"}],"version-history":[{"count":4,"href":"https:\/\/cassianooliveira.com.br\/blog\/wp-json\/wp\/v2\/posts\/1772\/revisions"}],"predecessor-version":[{"id":1779,"href":"https:\/\/cassianooliveira.com.br\/blog\/wp-json\/wp\/v2\/posts\/1772\/revisions\/1779"}],"wp:featuredmedia":[{"embeddable":true,"href":"https:\/\/cassianooliveira.com.br\/blog\/wp-json\/wp\/v2\/media\/1773"}],"wp:attachment":[{"href":"https:\/\/cassianooliveira.com.br\/blog\/wp-json\/wp\/v2\/media?parent=1772"}],"wp:term":[{"taxonomy":"category","embeddable":true,"href":"https:\/\/cassianooliveira.com.br\/blog\/wp-json\/wp\/v2\/categories?post=1772"},{"taxonomy":"post_tag","embeddable":true,"href":"https:\/\/cassianooliveira.com.br\/blog\/wp-json\/wp\/v2\/tags?post=1772"}],"curies":[{"name":"wp","href":"https:\/\/api.w.org\/{rel}","templated":true}]}}