{"id":1289,"date":"2025-09-12T15:00:37","date_gmt":"2025-09-12T18:00:37","guid":{"rendered":"https:\/\/cassianooliveira.com.br\/blog\/?p=1289"},"modified":"2025-10-29T09:39:56","modified_gmt":"2025-10-29T12:39:56","slug":"a-responsabilidade-civil-do-cirurgiao-em-caso-de-erro-do-anestesista-uma-analise-juridica","status":"publish","type":"post","link":"https:\/\/cassianooliveira.com.br\/blog\/direito-medico\/a-responsabilidade-civil-do-cirurgiao-em-caso-de-erro-do-anestesista-uma-analise-juridica\/","title":{"rendered":"A Responsabilidade Civil do Cirurgi\u00e3o em Caso de Erro do Anestesista: Uma an\u00e1lise jur\u00eddica"},"content":{"rendered":"<p><strong>Introdu\u00e7\u00e3o<\/strong><\/p>\n<p>A responsabilidade civil m\u00e9dica \u00e9 um tema central no Direito Civil moderno, especialmente no contexto de procedimentos cir\u00fargicos complexos, onde m\u00faltiplos agentes \u2014 cirurgi\u00f5es, anestesistas, instrumentadores, equipe de enfermagem \u2014 atuam em conjunto. O REsp 2.034.495\/MG, julgado pela Terceira Turma do Superior Tribunal de Justi\u00e7a (STJ), relatado pela ministra Daniela Teixeira, marca importante avan\u00e7o jurisprudencial. Ele refor\u00e7a a necessidade de individualiza\u00e7\u00e3o da conduta culposa, afastando responsabiliza\u00e7\u00f5es autom\u00e1ticas de cirurgi\u00e3o por erro exclusivo de anestesista.<\/p>\n<hr \/>\n<ol>\n<li><strong>Contexto jur\u00eddico e requisitos da responsabilidade civil m\u00e9dica<\/strong>\n<ul>\n<li>A responsabilidade civil m\u00e9dica no Brasil exige, como pressupostos m\u00ednimos:\u00a0<em>dano<\/em>,\u00a0<em>nexo causal<\/em>\u00a0e\u00a0<em>culpa<\/em>\u00a0(neglig\u00eancia, imprud\u00eancia, imper\u00edcia).<\/li>\n<li>Profissionais liberais respondem de forma subjetiva, ou seja: n\u00e3o basta que haja resultado adverso, deve haver prova de conduta culposa. Esse regime se distingue da responsabilidade objetiva, aplic\u00e1vel em certas situa\u00e7\u00f5es, como a dos hospitais ou institui\u00e7\u00f5es de sa\u00fade, quando previsto legalmente ou em contrato de presta\u00e7\u00e3o de servi\u00e7o.<\/li>\n<\/ul>\n<\/li>\n<li><strong>Autonomia t\u00e9cnica do anestesista e limites da imputa\u00e7\u00e3o ao cirurgi\u00e3o-chefe<\/strong>\n<ul>\n<li>No REsp 2.034.495\/MG, o STJ reconheceu que o anestesista atua com autonomia t\u00e9cnica e cient\u00edfica, sem subordina\u00e7\u00e3o hier\u00e1rquica ou funcional direta ao cirurgi\u00e3o, no que diz respeito \u00e0s suas atribui\u00e7\u00f5es especializadas.<\/li>\n<li>Portanto, quando o dano decorrer exclusivamente de falha do anestesista, sem prova de que o cirurgi\u00e3o tenha contribu\u00eddo ou que sua conduta culposa seja imput\u00e1vel, n\u00e3o cabe responsabiliza\u00e7\u00e3o solid\u00e1ria ou autom\u00e1tica ao cirurgi\u00e3o. Esse entendimento alinha-se a precedentes como o REsp 605.435 e o REsp 1.790.014.<\/li>\n<\/ul>\n<\/li>\n<li><strong>Responsabilidade do hospital<\/strong>\n<ul>\n<li>As institui\u00e7\u00f5es hospitalares frequentemente respondem objetivamente, seja com base no dever de garantir condi\u00e7\u00f5es adequadas (estrutura, pessoal, supervis\u00e3o), seja pela sua intermedia\u00e7\u00e3o entre paciente e profissionais. No REsp citado, o hospital pode permanecer na a\u00e7\u00e3o quando h\u00e1 falha na presta\u00e7\u00e3o global do servi\u00e7o.<\/li>\n<\/ul>\n<\/li>\n<li><strong>Efeitos pr\u00e1ticos e seguran\u00e7a jur\u00eddica<\/strong>\n<ul>\n<li>Para os profissionais m\u00e9dicos, essa jurisprud\u00eancia traz clareza: n\u00e3o mais ser\u00e1 presumida culpa compartilhada ou responsabilidade solid\u00e1ria simplesmente por chefia de equipe. \u00c9 exigida prova concreta de culpa do cirurgi\u00e3o ou de sua participa\u00e7\u00e3o no dano.<\/li>\n<li>Para pacientes, refor\u00e7a-se a necessidade de per\u00edvida produ\u00e7\u00e3o de prova (per\u00edcia m\u00e9dica, nexo causal, prova da culpa espec\u00edfica), o que pode tornar algumas demandas mais complexas, mas tamb\u00e9m mais justas no veredito.<\/li>\n<li>No \u00e2mbito processual, a delimita\u00e7\u00e3o do r\u00e9u certo evita lit\u00edgios infundados contra profissionais que n\u00e3o participaram do evento danoso, melhor aloca\u00e7\u00e3o do \u00f4nus da prova e diminui\u00e7\u00e3o de recursos judiciais para reverter condena\u00e7\u00f5es indevidas.<\/li>\n<\/ul>\n<\/li>\n<li><strong>Argumentos adicionais em defesa da tese que afasta responsabilidade do cirurgi\u00e3o quando h\u00e1 erro exclusivo do anestesista<\/strong>\n<ul>\n<li><strong>Culpa in eligendo e in vigilando<\/strong>: Se demonstrado que o cirurgi\u00e3o levou um anestesista sabidamente inexperiente ou negligente, ou deixou de fiscalizar condi\u00e7\u00f5es adequadas de trabalho ou aparelhos, ent\u00e3o se poderia cogitar culpa in eligendo ou in vigilando. Mas isso n\u00e3o equivale a responsabiliza\u00e7\u00e3o autom\u00e1tica em todos os casos.<\/li>\n<li><strong>Distin\u00e7\u00e3o entre chefia e subordina\u00e7\u00e3o funcional<\/strong>: A chefia de equipe n\u00e3o implica subordina\u00e7\u00e3o t\u00e9cnica do anestesista. Chefia pode significar coordena\u00e7\u00e3o, responsabilidade estruturante, mas n\u00e3o se confunde com comando direto sobre decis\u00f5es t\u00e9cnicas do anestesista.<\/li>\n<li><strong>Preserva\u00e7\u00e3o da autonomia profissional conforme princ\u00edpios \u00e9ticos e do exerc\u00edcio da medicina<\/strong>: O anestesista possui dom\u00ednio sobre sua t\u00e9cnica, decis\u00f5es m\u00e9dicas pr\u00f3prias, avalia\u00e7\u00f5es pr\u00e9-anest\u00e9sicas, controle de risco intraoperat\u00f3rio. Isso refor\u00e7a o argumento de que a responsabiliza\u00e7\u00e3o indevida do cirurgi\u00e3o fere deveres \u00e9ticos e jur\u00eddicos de compet\u00eancia profissional.<\/li>\n<li><strong>Precedente consolidado e previsibilidade<\/strong>: Jurisprud\u00eancia recente do STJ indica que o sistema est\u00e1 caminhando para maior previsibilidade, o que \u00e9 fundamental para o planejamento da pr\u00e1tica m\u00e9dica, seguro de responsabilidade civil e estabilidade institucional.<\/li>\n<\/ul>\n<\/li>\n<\/ol>\n<hr \/>\n<p><strong>Conclus\u00e3o<\/strong><\/p>\n<p>O REsp 2.034.495\/MG constitui, de fato, um marco relevante na evolu\u00e7\u00e3o da responsabilidade civil m\u00e9dica no Brasil. Ele refor\u00e7a crit\u00e9rios essenciais:<\/p>\n<ul>\n<li>a responsabiliza\u00e7\u00e3o civil deve recair\u00a0<strong>sobre quem efetivamente praticou a conduta culposa<\/strong>, exigindo prova espec\u00edfica (culpa, dano, nexo causal);<\/li>\n<li>o anestesista, quando age em sua esfera t\u00e9cnica exclusiva, responde pessoalmente e subjetivamente pelos erros de sua compet\u00eancia;<\/li>\n<li>o cirurgi\u00e3o-chefe, salvo prova de participa\u00e7\u00e3o ou culpa pr\u00f3pria (inclusive por escolha ou supervis\u00e3o inadequada), n\u00e3o deve responder solidariamente por erro exclusivo do anestesista;<\/li>\n<li>os hospitais mant\u00eam responsabilidade objetiva ou solid\u00e1ria quando falhas estruturais ou de servi\u00e7o global forem identificadas;<\/li>\n<\/ul>\n<p>Esses elementos contribuem para um sistema de responsabiliza\u00e7\u00e3o mais justo, equilibrado e eficaz, que protege tanto os pacientes quanto os profissionais de sa\u00fade. O julgamento eleva a seguran\u00e7a jur\u00eddica, delimita claramente obriga\u00e7\u00f5es e protege contra injusti\u00e7as de imputa\u00e7\u00f5es indevidas.<\/p>\n<hr \/>\n<p><strong>Refer\u00eancias principais<\/strong><\/p>\n<ul>\n<li>\u201cA responsabilidade civil do cirurgi\u00e3o em erro m\u00e9dico atribu\u00eddo ao anestesista: coment\u00e1rios ao REsp 2.034.495\/MG\u201d, Vitor Eduardo Tavares de Oliveira, Migalhas, 5 de setembro de 2025. (<a title=\"A responsabilidade civil do cirurgi\u00e3o em erro atribu\u00eddo ao anestesista - Migalhas\" href=\"https:\/\/www.migalhas.com.br\/depeso\/439512\/a-responsabilidade-civil-do-cirurgiao-em-erro-atribuido-ao-anestesista\">Migalhas<\/a>)<\/li>\n<li>STJ, REsp 1.790.014\/SP, Rel. Min. Paulo de Tarso Sanseverino, Terceira Turma, julgamento em 11 de maio de 2021. (<a title=\"Turma afasta responsabilidade de cirurgi\u00e3o por erro de anestesista que levou paciente a estado vegetativo\" href=\"https:\/\/www.stj.jus.br\/sites\/portalp\/Paginas\/Comunicacao\/Noticias\/21072021-Turma-afasta-responsabilidade-de-cirurgiao-por-erro-de-anestesista-que-levou-paciente-a-estado-vegetativo.aspx?utm_source=chatgpt.com\">Superior Tribunal de Justi\u00e7a<\/a>)<\/li>\n<li>STJ, EREsp 605.435\/RJ, Rel. Min. Nancy Andrighi, Segunda Se\u00e7\u00e3o, j. 14 de setembro de 2011. (<a title=\"A responsabilidade civil do cirurgi\u00e3o em erro atribu\u00eddo ao anestesista - Migalhas\" href=\"https:\/\/www.migalhas.com.br\/depeso\/439512\/a-responsabilidade-civil-do-cirurgiao-em-erro-atribuido-ao-anestesista\">Migalhas<\/a>)<\/li>\n<\/ul>\n<hr \/>\n<p><strong>Assinatura<\/strong><br \/>\nCassiano Oliveira<br \/>\nJurista, especialista em Defesa M\u00e9dica e Direito M\u00e9dico<\/p>\n","protected":false},"excerpt":{"rendered":"<p>Introdu\u00e7\u00e3o A responsabilidade civil m\u00e9dica \u00e9 um tema central no Direito Civil moderno, especialmente no contexto de procedimentos cir\u00fargicos complexos, onde m\u00faltiplos agentes \u2014 cirurgi\u00f5es, anestesistas, instrumentadores, equipe de enfermagem \u2014 atuam em conjunto. O REsp 2.034.495\/MG, julgado pela Terceira Turma do Superior Tribunal de Justi\u00e7a (STJ), relatado pela ministra Daniela Teixeira, marca importante avan\u00e7o [&hellip;]<\/p>\n","protected":false},"author":3,"featured_media":1290,"comment_status":"open","ping_status":"open","sticky":false,"template":"","format":"standard","meta":{"inline_featured_image":false,"fifu_image_url":"","fifu_image_alt":"","footnotes":""},"categories":[491],"tags":[194,504,509,510,505,506,508,511,507,50],"class_list":["post-1289","post","type-post","status-publish","format-standard","has-post-thumbnail","hentry","category-direito-medico","tag-advogado","tag-cassiano-oliveira","tag-cirurgiao-dentista","tag-dentista","tag-direito-da-saude","tag-direito-empresarial","tag-gestao-de-risco-de-atividade-medica","tag-hospitalar","tag-protecao-profissional","tag-saude"],"_links":{"self":[{"href":"https:\/\/cassianooliveira.com.br\/blog\/wp-json\/wp\/v2\/posts\/1289","targetHints":{"allow":["GET"]}}],"collection":[{"href":"https:\/\/cassianooliveira.com.br\/blog\/wp-json\/wp\/v2\/posts"}],"about":[{"href":"https:\/\/cassianooliveira.com.br\/blog\/wp-json\/wp\/v2\/types\/post"}],"author":[{"embeddable":true,"href":"https:\/\/cassianooliveira.com.br\/blog\/wp-json\/wp\/v2\/users\/3"}],"replies":[{"embeddable":true,"href":"https:\/\/cassianooliveira.com.br\/blog\/wp-json\/wp\/v2\/comments?post=1289"}],"version-history":[{"count":1,"href":"https:\/\/cassianooliveira.com.br\/blog\/wp-json\/wp\/v2\/posts\/1289\/revisions"}],"predecessor-version":[{"id":1291,"href":"https:\/\/cassianooliveira.com.br\/blog\/wp-json\/wp\/v2\/posts\/1289\/revisions\/1291"}],"wp:featuredmedia":[{"embeddable":true,"href":"https:\/\/cassianooliveira.com.br\/blog\/wp-json\/wp\/v2\/media\/1290"}],"wp:attachment":[{"href":"https:\/\/cassianooliveira.com.br\/blog\/wp-json\/wp\/v2\/media?parent=1289"}],"wp:term":[{"taxonomy":"category","embeddable":true,"href":"https:\/\/cassianooliveira.com.br\/blog\/wp-json\/wp\/v2\/categories?post=1289"},{"taxonomy":"post_tag","embeddable":true,"href":"https:\/\/cassianooliveira.com.br\/blog\/wp-json\/wp\/v2\/tags?post=1289"}],"curies":[{"name":"wp","href":"https:\/\/api.w.org\/{rel}","templated":true}]}}